{"id":4263,"date":"2022-02-02T15:35:40","date_gmt":"2022-02-02T14:35:40","guid":{"rendered":"https:\/\/www.poseidoncalella.com\/?p=4263"},"modified":"2022-02-02T15:35:40","modified_gmt":"2022-02-02T14:35:40","slug":"mantenir-se-en-forma-per-a-la-practica-de-busseig-a-calella-de-palafrugell","status":"publish","type":"post","link":"https:\/\/www.poseidoncalella.com\/ca\/mantenir-se-en-forma-per-a-la-practica-de-busseig-a-calella-de-palafrugell\/","title":{"rendered":"Mantenir-se en forma per a la pr\u00e0ctica de busseig a Calella de Palafrugell"},"content":{"rendered":"<p>Segur que molts de vosaltres us sentiu en baixa forma quan torna la temporada de busseig a Calella de Palafrugell. Per aix\u00f2, en comptes d&#8217;aconsellar-vos a l&#8217;abril, preferim fer-ho ara perqu\u00e8 ja us aneu preparant durant aquest hivern per a arribar en plena forma.<\/p>\n<p>Qualsevol submarinista sap que mantenir-se en plena forma f\u00edsica \u00e9s molt important per a bussejar per\u00f2 molts practiquem busseig d&#8217;ampolla a l&#8217;estiu i la resta de l&#8217;any estem parats completament.<\/p>\n<p>Per a reduir el risc de malaltia de descompressi\u00f3, poder practicar el nostre esport favorit amb menys esfor\u00e7 i reduir el consum de l&#8217;aire \u00e9s essencial practicar un altre tipus d&#8217;exercicis durant l&#8217;any.<\/p>\n<p>El millor \u00e9s practicar exercicis aer\u00f2bics un parell de vegades per setmana, no de forma molt intensa, sin\u00f3 per a tonificar i refor\u00e7ar la nostra capacitat pulmonar per a reduir el consum de l&#8217;aire i millorar la capacitat dels pulmons.<\/p>\n<p>El tronc, pel gran pes que ha de suportar, tamb\u00e9 ha d&#8217;estar ben entrenat, especialment en lumbars i abdominals.<\/p>\n<p>Finalment, la musculatura del tren inferior, com el maluc, bessons o turmell, tamb\u00e9 s\u00f3n importants per a tenir un aleteig potent, efectiu i que eviti les enrampades.<\/p>\n","protected":false},"excerpt":{"rendered":"<p>Segur que molts de vosaltres us sentiu en baixa forma quan torna la temporada de busseig a Calella de Palafrugell. Per aix\u00f2, en comptes d&#8217;aconsellar-vos [&hellip;]<\/p>\n","protected":false},"author":1,"featured_media":3501,"comment_status":"open","ping_status":"open","sticky":false,"template":"","format":"standard","meta":{"footnotes":""},"categories":[37],"tags":[],"class_list":["post-4263","post","type-post","status-publish","format-standard","has-post-thumbnail","hentry","category-sense-categoria"],"yoast_head":"<!-- This site is optimized with the Yoast SEO plugin v22.4 - https:\/\/yoast.com\/wordpress\/plugins\/seo\/ -->\n<title>Mantenir-se en forma per a la pr\u00e0ctica de busseig a Calella de Palafrugell - Poseidon Calella<\/title>\n<meta name=\"robots\" content=\"index, follow, max-snippet:-1, max-image-preview:large, max-video-preview:-1\" \/>\n<link rel=\"canonical\" href=\"https:\/\/www.poseidoncalella.com\/ca\/mantenir-se-en-forma-per-a-la-practica-de-busseig-a-calella-de-palafrugell\/\" \/>\n<meta property=\"og:locale\" content=\"es_ES\" \/>\n<meta property=\"og:type\" content=\"article\" \/>\n<meta property=\"og:title\" content=\"Mantenir-se en forma per a la pr\u00e0ctica de busseig a Calella de Palafrugell - Poseidon Calella\" \/>\n<meta property=\"og:description\" content=\"Segur que molts de vosaltres us sentiu en baixa forma quan torna la temporada de busseig a Calella de Palafrugell. Per aix\u00f2, en comptes d&#8217;aconsellar-vos [&hellip;]\" \/>\n<meta property=\"og:url\" content=\"https:\/\/www.poseidoncalella.com\/ca\/mantenir-se-en-forma-per-a-la-practica-de-busseig-a-calella-de-palafrugell\/\" \/>\n<meta property=\"og:site_name\" content=\"Poseidon Calella\" \/>\n<meta property=\"article:publisher\" content=\"https:\/\/www.facebook.com\/Poseidon.Calella\" \/>\n<meta property=\"article:published_time\" content=\"2022-02-02T14:35:40+00:00\" \/>\n<meta property=\"og:image\" content=\"https:\/\/www.poseidoncalella.com\/wordpress2\/wp-content\/uploads\/2021\/06\/poseidon-mantenerse-forma-la-practica-buceo-calella-palafrugell.jpg\" \/>\n\t<meta property=\"og:image:width\" content=\"1000\" \/>\n\t<meta property=\"og:image:height\" content=\"667\" \/>\n\t<meta property=\"og:image:type\" content=\"image\/jpeg\" \/>\n<meta name=\"author\" content=\"gmcd\" \/>\n<meta name=\"twitter:card\" content=\"summary_large_image\" \/>\n<meta name=\"twitter:label1\" content=\"Written by\" \/>\n\t<meta name=\"twitter:data1\" content=\"gmcd\" \/>\n\t<meta name=\"twitter:label2\" content=\"Est. reading time\" \/>\n\t<meta name=\"twitter:data2\" content=\"1 minute\" \/>\n<script type=\"application\/ld+json\" class=\"yoast-schema-graph\">{\"@context\":\"https:\/\/schema.org\",\"@graph\":[{\"@type\":\"Article\",\"@id\":\"https:\/\/www.poseidoncalella.com\/ca\/mantenir-se-en-forma-per-a-la-practica-de-busseig-a-calella-de-palafrugell\/#article\",\"isPartOf\":{\"@id\":\"https:\/\/www.poseidoncalella.com\/ca\/mantenir-se-en-forma-per-a-la-practica-de-busseig-a-calella-de-palafrugell\/\"},\"author\":{\"name\":\"gmcd\",\"@id\":\"https:\/\/www.poseidoncalella.com\/#\/schema\/person\/ce8d51a45783d9707ef6e9fafd6c9c24\"},\"headline\":\"Mantenir-se en forma per a la pr\u00e0ctica de busseig a Calella de Palafrugell\",\"datePublished\":\"2022-02-02T14:35:40+00:00\",\"dateModified\":\"2022-02-02T14:35:40+00:00\",\"mainEntityOfPage\":{\"@id\":\"https:\/\/www.poseidoncalella.com\/ca\/mantenir-se-en-forma-per-a-la-practica-de-busseig-a-calella-de-palafrugell\/\"},\"wordCount\":211,\"commentCount\":0,\"publisher\":{\"@id\":\"https:\/\/www.poseidoncalella.com\/#organization\"},\"image\":{\"@id\":\"https:\/\/www.poseidoncalella.com\/ca\/mantenir-se-en-forma-per-a-la-practica-de-busseig-a-calella-de-palafrugell\/#primaryimage\"},\"thumbnailUrl\":\"https:\/\/www.poseidoncalella.com\/wordpress2\/wp-content\/uploads\/2021\/06\/poseidon-mantenerse-forma-la-practica-buceo-calella-palafrugell.jpg\",\"articleSection\":[\"Sense categoria\"],\"inLanguage\":\"es-CA\",\"potentialAction\":[{\"@type\":\"CommentAction\",\"name\":\"Comment\",\"target\":[\"https:\/\/www.poseidoncalella.com\/ca\/mantenir-se-en-forma-per-a-la-practica-de-busseig-a-calella-de-palafrugell\/#respond\"]}]},{\"@type\":\"WebPage\",\"@id\":\"https:\/\/www.poseidoncalella.com\/ca\/mantenir-se-en-forma-per-a-la-practica-de-busseig-a-calella-de-palafrugell\/\",\"url\":\"https:\/\/www.poseidoncalella.com\/ca\/mantenir-se-en-forma-per-a-la-practica-de-busseig-a-calella-de-palafrugell\/\",\"name\":\"Mantenir-se en forma per a la pr\u00e0ctica de busseig a Calella de Palafrugell - Poseidon Calella\",\"isPartOf\":{\"@id\":\"https:\/\/www.poseidoncalella.com\/#website\"},\"primaryImageOfPage\":{\"@id\":\"https:\/\/www.poseidoncalella.com\/ca\/mantenir-se-en-forma-per-a-la-practica-de-busseig-a-calella-de-palafrugell\/#primaryimage\"},\"image\":{\"@id\":\"https:\/\/www.poseidoncalella.com\/ca\/mantenir-se-en-forma-per-a-la-practica-de-busseig-a-calella-de-palafrugell\/#primaryimage\"},\"thumbnailUrl\":\"https:\/\/www.poseidoncalella.com\/wordpress2\/wp-content\/uploads\/2021\/06\/poseidon-mantenerse-forma-la-practica-buceo-calella-palafrugell.jpg\",\"datePublished\":\"2022-02-02T14:35:40+00:00\",\"dateModified\":\"2022-02-02T14:35:40+00:00\",\"breadcrumb\":{\"@id\":\"https:\/\/www.poseidoncalella.com\/ca\/mantenir-se-en-forma-per-a-la-practica-de-busseig-a-calella-de-palafrugell\/#breadcrumb\"},\"inLanguage\":\"es-CA\",\"potentialAction\":[{\"@type\":\"ReadAction\",\"target\":[\"https:\/\/www.poseidoncalella.com\/ca\/mantenir-se-en-forma-per-a-la-practica-de-busseig-a-calella-de-palafrugell\/\"]}]},{\"@type\":\"ImageObject\",\"inLanguage\":\"es-CA\",\"@id\":\"https:\/\/www.poseidoncalella.com\/ca\/mantenir-se-en-forma-per-a-la-practica-de-busseig-a-calella-de-palafrugell\/#primaryimage\",\"url\":\"https:\/\/www.poseidoncalella.com\/wordpress2\/wp-content\/uploads\/2021\/06\/poseidon-mantenerse-forma-la-practica-buceo-calella-palafrugell.jpg\",\"contentUrl\":\"https:\/\/www.poseidoncalella.com\/wordpress2\/wp-content\/uploads\/2021\/06\/poseidon-mantenerse-forma-la-practica-buceo-calella-palafrugell.jpg\",\"width\":1000,\"height\":667},{\"@type\":\"BreadcrumbList\",\"@id\":\"https:\/\/www.poseidoncalella.com\/ca\/mantenir-se-en-forma-per-a-la-practica-de-busseig-a-calella-de-palafrugell\/#breadcrumb\",\"itemListElement\":[{\"@type\":\"ListItem\",\"position\":1,\"name\":\"Portada\",\"item\":\"https:\/\/www.poseidoncalella.com\/ca\/\"},{\"@type\":\"ListItem\",\"position\":2,\"name\":\"Mantenir-se en forma per a la pr\u00e0ctica de busseig a Calella de Palafrugell\"}]},{\"@type\":\"WebSite\",\"@id\":\"https:\/\/www.poseidoncalella.com\/#website\",\"url\":\"https:\/\/www.poseidoncalella.com\/\",\"name\":\"Poseidon Calella\",\"description\":\"Centre de busseig situat a Palafrugell, a la Costa Brava\",\"publisher\":{\"@id\":\"https:\/\/www.poseidoncalella.com\/#organization\"},\"potentialAction\":[{\"@type\":\"SearchAction\",\"target\":{\"@type\":\"EntryPoint\",\"urlTemplate\":\"https:\/\/www.poseidoncalella.com\/?s={search_term_string}\"},\"query-input\":\"required name=search_term_string\"}],\"inLanguage\":\"es-CA\"},{\"@type\":\"Organization\",\"@id\":\"https:\/\/www.poseidoncalella.com\/#organization\",\"name\":\"Poseidon Diving\",\"alternateName\":\"Poseidon Calella\",\"url\":\"https:\/\/www.poseidoncalella.com\/\",\"logo\":{\"@type\":\"ImageObject\",\"inLanguage\":\"es-CA\",\"@id\":\"https:\/\/www.poseidoncalella.com\/#\/schema\/logo\/image\/\",\"url\":\"https:\/\/www.poseidoncalella.com\/wordpress2\/wp-content\/uploads\/2021\/06\/cropped-favicon-1-180x180-1.png\",\"contentUrl\":\"https:\/\/www.poseidoncalella.com\/wordpress2\/wp-content\/uploads\/2021\/06\/cropped-favicon-1-180x180-1.png\",\"width\":180,\"height\":180,\"caption\":\"Poseidon Diving\"},\"image\":{\"@id\":\"https:\/\/www.poseidoncalella.com\/#\/schema\/logo\/image\/\"},\"sameAs\":[\"https:\/\/www.facebook.com\/Poseidon.Calella\",\"https:\/\/www.instagram.com\/poseidoncostabrava\/\"]},{\"@type\":\"Person\",\"@id\":\"https:\/\/www.poseidoncalella.com\/#\/schema\/person\/ce8d51a45783d9707ef6e9fafd6c9c24\",\"name\":\"gmcd\",\"image\":{\"@type\":\"ImageObject\",\"inLanguage\":\"es-CA\",\"@id\":\"https:\/\/www.poseidoncalella.com\/#\/schema\/person\/image\/\",\"url\":\"https:\/\/secure.gravatar.com\/avatar\/304131056b498676612e689bad60e29ba3233997948b9c963f6886ac23b02bb1?s=96&d=mm&r=g\",\"contentUrl\":\"https:\/\/secure.gravatar.com\/avatar\/304131056b498676612e689bad60e29ba3233997948b9c963f6886ac23b02bb1?s=96&d=mm&r=g\",\"caption\":\"gmcd\"},\"sameAs\":[\"https:\/\/www.poseidoncalella.com\/wordpress2\"],\"url\":\"https:\/\/www.poseidoncalella.com\/ca\/author\/gmcd\/\"}]}<\/script>\n<!-- \/ Yoast SEO plugin. -->","yoast_head_json":{"title":"Mantenir-se en forma per a la pr\u00e0ctica de busseig a Calella de Palafrugell - Poseidon Calella","robots":{"index":"index","follow":"follow","max-snippet":"max-snippet:-1","max-image-preview":"max-image-preview:large","max-video-preview":"max-video-preview:-1"},"canonical":"https:\/\/www.poseidoncalella.com\/ca\/mantenir-se-en-forma-per-a-la-practica-de-busseig-a-calella-de-palafrugell\/","og_locale":"es_ES","og_type":"article","og_title":"Mantenir-se en forma per a la pr\u00e0ctica de busseig a Calella de Palafrugell - Poseidon Calella","og_description":"Segur que molts de vosaltres us sentiu en baixa forma quan torna la temporada de busseig a Calella de Palafrugell. Per aix\u00f2, en comptes d&#8217;aconsellar-vos [&hellip;]","og_url":"https:\/\/www.poseidoncalella.com\/ca\/mantenir-se-en-forma-per-a-la-practica-de-busseig-a-calella-de-palafrugell\/","og_site_name":"Poseidon Calella","article_publisher":"https:\/\/www.facebook.com\/Poseidon.Calella","article_published_time":"2022-02-02T14:35:40+00:00","og_image":[{"width":1000,"height":667,"url":"https:\/\/www.poseidoncalella.com\/wordpress2\/wp-content\/uploads\/2021\/06\/poseidon-mantenerse-forma-la-practica-buceo-calella-palafrugell.jpg","type":"image\/jpeg"}],"author":"gmcd","twitter_card":"summary_large_image","twitter_misc":{"Written by":"gmcd","Est. reading time":"1 minute"},"schema":{"@context":"https:\/\/schema.org","@graph":[{"@type":"Article","@id":"https:\/\/www.poseidoncalella.com\/ca\/mantenir-se-en-forma-per-a-la-practica-de-busseig-a-calella-de-palafrugell\/#article","isPartOf":{"@id":"https:\/\/www.poseidoncalella.com\/ca\/mantenir-se-en-forma-per-a-la-practica-de-busseig-a-calella-de-palafrugell\/"},"author":{"name":"gmcd","@id":"https:\/\/www.poseidoncalella.com\/#\/schema\/person\/ce8d51a45783d9707ef6e9fafd6c9c24"},"headline":"Mantenir-se en forma per a la pr\u00e0ctica de busseig a Calella de Palafrugell","datePublished":"2022-02-02T14:35:40+00:00","dateModified":"2022-02-02T14:35:40+00:00","mainEntityOfPage":{"@id":"https:\/\/www.poseidoncalella.com\/ca\/mantenir-se-en-forma-per-a-la-practica-de-busseig-a-calella-de-palafrugell\/"},"wordCount":211,"commentCount":0,"publisher":{"@id":"https:\/\/www.poseidoncalella.com\/#organization"},"image":{"@id":"https:\/\/www.poseidoncalella.com\/ca\/mantenir-se-en-forma-per-a-la-practica-de-busseig-a-calella-de-palafrugell\/#primaryimage"},"thumbnailUrl":"https:\/\/www.poseidoncalella.com\/wordpress2\/wp-content\/uploads\/2021\/06\/poseidon-mantenerse-forma-la-practica-buceo-calella-palafrugell.jpg","articleSection":["Sense categoria"],"inLanguage":"es-CA","potentialAction":[{"@type":"CommentAction","name":"Comment","target":["https:\/\/www.poseidoncalella.com\/ca\/mantenir-se-en-forma-per-a-la-practica-de-busseig-a-calella-de-palafrugell\/#respond"]}]},{"@type":"WebPage","@id":"https:\/\/www.poseidoncalella.com\/ca\/mantenir-se-en-forma-per-a-la-practica-de-busseig-a-calella-de-palafrugell\/","url":"https:\/\/www.poseidoncalella.com\/ca\/mantenir-se-en-forma-per-a-la-practica-de-busseig-a-calella-de-palafrugell\/","name":"Mantenir-se en forma per a la pr\u00e0ctica de busseig a Calella de Palafrugell - Poseidon Calella","isPartOf":{"@id":"https:\/\/www.poseidoncalella.com\/#website"},"primaryImageOfPage":{"@id":"https:\/\/www.poseidoncalella.com\/ca\/mantenir-se-en-forma-per-a-la-practica-de-busseig-a-calella-de-palafrugell\/#primaryimage"},"image":{"@id":"https:\/\/www.poseidoncalella.com\/ca\/mantenir-se-en-forma-per-a-la-practica-de-busseig-a-calella-de-palafrugell\/#primaryimage"},"thumbnailUrl":"https:\/\/www.poseidoncalella.com\/wordpress2\/wp-content\/uploads\/2021\/06\/poseidon-mantenerse-forma-la-practica-buceo-calella-palafrugell.jpg","datePublished":"2022-02-02T14:35:40+00:00","dateModified":"2022-02-02T14:35:40+00:00","breadcrumb":{"@id":"https:\/\/www.poseidoncalella.com\/ca\/mantenir-se-en-forma-per-a-la-practica-de-busseig-a-calella-de-palafrugell\/#breadcrumb"},"inLanguage":"es-CA","potentialAction":[{"@type":"ReadAction","target":["https:\/\/www.poseidoncalella.com\/ca\/mantenir-se-en-forma-per-a-la-practica-de-busseig-a-calella-de-palafrugell\/"]}]},{"@type":"ImageObject","inLanguage":"es-CA","@id":"https:\/\/www.poseidoncalella.com\/ca\/mantenir-se-en-forma-per-a-la-practica-de-busseig-a-calella-de-palafrugell\/#primaryimage","url":"https:\/\/www.poseidoncalella.com\/wordpress2\/wp-content\/uploads\/2021\/06\/poseidon-mantenerse-forma-la-practica-buceo-calella-palafrugell.jpg","contentUrl":"https:\/\/www.poseidoncalella.com\/wordpress2\/wp-content\/uploads\/2021\/06\/poseidon-mantenerse-forma-la-practica-buceo-calella-palafrugell.jpg","width":1000,"height":667},{"@type":"BreadcrumbList","@id":"https:\/\/www.poseidoncalella.com\/ca\/mantenir-se-en-forma-per-a-la-practica-de-busseig-a-calella-de-palafrugell\/#breadcrumb","itemListElement":[{"@type":"ListItem","position":1,"name":"Portada","item":"https:\/\/www.poseidoncalella.com\/ca\/"},{"@type":"ListItem","position":2,"name":"Mantenir-se en forma per a la pr\u00e0ctica de busseig a Calella de Palafrugell"}]},{"@type":"WebSite","@id":"https:\/\/www.poseidoncalella.com\/#website","url":"https:\/\/www.poseidoncalella.com\/","name":"Poseidon Calella","description":"Centre de busseig situat a Palafrugell, a la Costa Brava","publisher":{"@id":"https:\/\/www.poseidoncalella.com\/#organization"},"potentialAction":[{"@type":"SearchAction","target":{"@type":"EntryPoint","urlTemplate":"https:\/\/www.poseidoncalella.com\/?s={search_term_string}"},"query-input":"required name=search_term_string"}],"inLanguage":"es-CA"},{"@type":"Organization","@id":"https:\/\/www.poseidoncalella.com\/#organization","name":"Poseidon Diving","alternateName":"Poseidon Calella","url":"https:\/\/www.poseidoncalella.com\/","logo":{"@type":"ImageObject","inLanguage":"es-CA","@id":"https:\/\/www.poseidoncalella.com\/#\/schema\/logo\/image\/","url":"https:\/\/www.poseidoncalella.com\/wordpress2\/wp-content\/uploads\/2021\/06\/cropped-favicon-1-180x180-1.png","contentUrl":"https:\/\/www.poseidoncalella.com\/wordpress2\/wp-content\/uploads\/2021\/06\/cropped-favicon-1-180x180-1.png","width":180,"height":180,"caption":"Poseidon Diving"},"image":{"@id":"https:\/\/www.poseidoncalella.com\/#\/schema\/logo\/image\/"},"sameAs":["https:\/\/www.facebook.com\/Poseidon.Calella","https:\/\/www.instagram.com\/poseidoncostabrava\/"]},{"@type":"Person","@id":"https:\/\/www.poseidoncalella.com\/#\/schema\/person\/ce8d51a45783d9707ef6e9fafd6c9c24","name":"gmcd","image":{"@type":"ImageObject","inLanguage":"es-CA","@id":"https:\/\/www.poseidoncalella.com\/#\/schema\/person\/image\/","url":"https:\/\/secure.gravatar.com\/avatar\/304131056b498676612e689bad60e29ba3233997948b9c963f6886ac23b02bb1?s=96&d=mm&r=g","contentUrl":"https:\/\/secure.gravatar.com\/avatar\/304131056b498676612e689bad60e29ba3233997948b9c963f6886ac23b02bb1?s=96&d=mm&r=g","caption":"gmcd"},"sameAs":["https:\/\/www.poseidoncalella.com\/wordpress2"],"url":"https:\/\/www.poseidoncalella.com\/ca\/author\/gmcd\/"}]}},"_links":{"self":[{"href":"https:\/\/www.poseidoncalella.com\/ca\/wp-json\/wp\/v2\/posts\/4263","targetHints":{"allow":["GET"]}}],"collection":[{"href":"https:\/\/www.poseidoncalella.com\/ca\/wp-json\/wp\/v2\/posts"}],"about":[{"href":"https:\/\/www.poseidoncalella.com\/ca\/wp-json\/wp\/v2\/types\/post"}],"author":[{"embeddable":true,"href":"https:\/\/www.poseidoncalella.com\/ca\/wp-json\/wp\/v2\/users\/1"}],"replies":[{"embeddable":true,"href":"https:\/\/www.poseidoncalella.com\/ca\/wp-json\/wp\/v2\/comments?post=4263"}],"version-history":[{"count":2,"href":"https:\/\/www.poseidoncalella.com\/ca\/wp-json\/wp\/v2\/posts\/4263\/revisions"}],"predecessor-version":[{"id":4265,"href":"https:\/\/www.poseidoncalella.com\/ca\/wp-json\/wp\/v2\/posts\/4263\/revisions\/4265"}],"wp:featuredmedia":[{"embeddable":true,"href":"https:\/\/www.poseidoncalella.com\/ca\/wp-json\/wp\/v2\/media\/3501"}],"wp:attachment":[{"href":"https:\/\/www.poseidoncalella.com\/ca\/wp-json\/wp\/v2\/media?parent=4263"}],"wp:term":[{"taxonomy":"category","embeddable":true,"href":"https:\/\/www.poseidoncalella.com\/ca\/wp-json\/wp\/v2\/categories?post=4263"},{"taxonomy":"post_tag","embeddable":true,"href":"https:\/\/www.poseidoncalella.com\/ca\/wp-json\/wp\/v2\/tags?post=4263"}],"curies":[{"name":"wp","href":"https:\/\/api.w.org\/{rel}","templated":true}]}}