{"id":3667,"date":"2021-06-02T13:32:28","date_gmt":"2021-06-02T11:32:28","guid":{"rendered":"https:\/\/www.poseidoncalella.com\/wordpress2\/coneixer-per-a-protegir-les-platges-de-palafrugell\/"},"modified":"2021-06-02T13:32:28","modified_gmt":"2021-06-02T11:32:28","slug":"coneixer-per-a-protegir-les-platges-de-palafrugell","status":"publish","type":"post","link":"https:\/\/www.poseidoncalella.com\/ca\/coneixer-per-a-protegir-les-platges-de-palafrugell\/","title":{"rendered":"Con\u00e8ixer per a protegir les platges de Palafrugell"},"content":{"rendered":"<div class=\"traductor-textarea form-group\">\n<div class=\"textarea-desti col-xs-12 col-sm-6\">\n<div class=\"form-control second-textarea\">\n<p>\u00c9s necessari refor\u00e7ar la nostra consci\u00e8ncia sobre la import\u00e0ncia de ser respectu\u00f3s amb el medi ambient, en el cas del busseig, del medi mar\u00ed perqu\u00e8 no \u00e9s \u00fanicament el nostre lloc de pr\u00e0ctica d&#8217;esport, tamb\u00e9 \u00e9s la llar de molts \u00e9ssers vius.<\/p>\n<p>Jacques\u00a0Cousteau\u00a0va ser, a m\u00e9s de l&#8217;inventor del que usem avui per a bussejar, de muntar els seus documentals submarins, acostant aquest m\u00f3n i compartint els seus descobriments amb tothom. A m\u00e9s, va tractar la import\u00e0ncia de protegir la mar per a evitar el que recentment anem veient: illes de pl\u00e0stics, concentracions de micropl\u00e0stics en peixos, erosi\u00f3 de coral, etc.<\/p>\n<p>Per a saber si fas tot el possible, has de fer-te la seg\u00fcent pregunta: Tu forma de busseig \u00e9s sostenible? Respectes el mitj\u00e0 i la vida marina?<\/p>\n<p>Per a la primera q\u00fcesti\u00f3, has d&#8217;analitzar si portes tots els teus accessoris ben enganxats, perqu\u00e8 si ho perds, s&#8217;acaba transformant en un residu. Tamb\u00e9 pots recollir escombraries que et vagis trobant i, en observar els animals, no atabalar-los.<\/p>\n<p>Respondre a la pregunta del respecte cap al mitj\u00e0 i la vida dep\u00e8n del que cadasc\u00fa entengui per aix\u00f2. El que \u00e9s clar \u00e9s que no s&#8217;ha de danyar el fons mar\u00ed ni portar-te records de les teves excursions submarines.<\/p>\n<p>Les reserves marines acaben jugant un doble paper perqu\u00e8, d&#8217;una banda, s\u00f3n importants per a la conservaci\u00f3 i, per un altre, evidencien la seva import\u00e0ncia. D&#8217;aqu\u00ed ve que sigui vital que es puguin visitar, per\u00f2 amb limitacions, sense ser explotats.<\/p>\n<p>Quant al respecte cap a la vida marina, cal ser acurat i no maltractar a cap animal per rar o bonic que sembli ni tampoc emportar-se un tros de coral per a exposar-lo a casa.<\/p>\n<p>Tamb\u00e9 cal informar-se sobre les esp\u00e8cies que estan en perill en la zona on es pret\u00e9n bussejar, tant de fauna com de flora. Com per exemple la posid\u00f2nia, una esp\u00e8cie a protegir. Si busseges, recorda no fondejar per damunt.<\/p>\n<p>La millor forma per a protegir \u00e9s informar-se i conseq\u00fcent, aix\u00ed entre tots protegirem el nostre medi mar\u00ed. Per exemple, si saps que un flaix pot molestar a una esp\u00e8cie en concret&#8230; evita tenir aquesta meravellosa fotos si aix\u00ed no molestem a l&#8217;animal.<\/p>\n<\/div>\n<\/div>\n<\/div>\n","protected":false},"excerpt":{"rendered":"<p>\u00c9s necessari refor\u00e7ar la nostra consci\u00e8ncia sobre la import\u00e0ncia de ser respectu\u00f3s amb el medi ambient, en el cas del busseig, del medi mar\u00ed perqu\u00e8 [&hellip;]<\/p>\n","protected":false},"author":1,"featured_media":3561,"comment_status":"open","ping_status":"open","sticky":false,"template":"","format":"standard","meta":{"footnotes":""},"categories":[],"tags":[],"class_list":["post-3667","post","type-post","status-publish","format-standard","has-post-thumbnail","hentry"],"yoast_head":"<!-- This site is optimized with the Yoast SEO plugin v22.4 - https:\/\/yoast.com\/wordpress\/plugins\/seo\/ -->\n<title>Con\u00e8ixer per a protegir les platges de Palafrugell - Poseidon Calella<\/title>\n<meta name=\"robots\" content=\"index, follow, max-snippet:-1, max-image-preview:large, max-video-preview:-1\" \/>\n<link rel=\"canonical\" href=\"https:\/\/www.poseidoncalella.com\/ca\/coneixer-per-a-protegir-les-platges-de-palafrugell\/\" \/>\n<meta property=\"og:locale\" content=\"es_ES\" \/>\n<meta property=\"og:type\" content=\"article\" \/>\n<meta property=\"og:title\" content=\"Con\u00e8ixer per a protegir les platges de Palafrugell - Poseidon Calella\" \/>\n<meta property=\"og:description\" content=\"\u00c9s necessari refor\u00e7ar la nostra consci\u00e8ncia sobre la import\u00e0ncia de ser respectu\u00f3s amb el medi ambient, en el cas del busseig, del medi mar\u00ed perqu\u00e8 [&hellip;]\" \/>\n<meta property=\"og:url\" content=\"https:\/\/www.poseidoncalella.com\/ca\/coneixer-per-a-protegir-les-platges-de-palafrugell\/\" \/>\n<meta property=\"og:site_name\" content=\"Poseidon Calella\" \/>\n<meta property=\"article:publisher\" content=\"https:\/\/www.facebook.com\/Poseidon.Calella\" \/>\n<meta property=\"article:published_time\" content=\"2021-06-02T11:32:28+00:00\" \/>\n<meta property=\"og:image\" content=\"https:\/\/www.poseidoncalella.com\/wordpress2\/wp-content\/uploads\/2021\/06\/poseidon-calella-conocer-para-proteger-las-playas-de-palafrugell.jpg\" \/>\n\t<meta property=\"og:image:width\" content=\"1000\" \/>\n\t<meta property=\"og:image:height\" content=\"704\" \/>\n\t<meta property=\"og:image:type\" content=\"image\/jpeg\" \/>\n<meta name=\"author\" content=\"gmcd\" \/>\n<meta name=\"twitter:card\" content=\"summary_large_image\" \/>\n<meta name=\"twitter:label1\" content=\"Written by\" \/>\n\t<meta name=\"twitter:data1\" content=\"gmcd\" \/>\n\t<meta name=\"twitter:label2\" content=\"Est. reading time\" \/>\n\t<meta name=\"twitter:data2\" content=\"2 minutes\" \/>\n<script type=\"application\/ld+json\" class=\"yoast-schema-graph\">{\"@context\":\"https:\/\/schema.org\",\"@graph\":[{\"@type\":\"Article\",\"@id\":\"https:\/\/www.poseidoncalella.com\/ca\/coneixer-per-a-protegir-les-platges-de-palafrugell\/#article\",\"isPartOf\":{\"@id\":\"https:\/\/www.poseidoncalella.com\/ca\/coneixer-per-a-protegir-les-platges-de-palafrugell\/\"},\"author\":{\"name\":\"gmcd\",\"@id\":\"https:\/\/www.poseidoncalella.com\/#\/schema\/person\/ce8d51a45783d9707ef6e9fafd6c9c24\"},\"headline\":\"Con\u00e8ixer per a protegir les platges de Palafrugell\",\"datePublished\":\"2021-06-02T11:32:28+00:00\",\"dateModified\":\"2021-06-02T11:32:28+00:00\",\"mainEntityOfPage\":{\"@id\":\"https:\/\/www.poseidoncalella.com\/ca\/coneixer-per-a-protegir-les-platges-de-palafrugell\/\"},\"wordCount\":397,\"commentCount\":0,\"publisher\":{\"@id\":\"https:\/\/www.poseidoncalella.com\/#organization\"},\"image\":{\"@id\":\"https:\/\/www.poseidoncalella.com\/ca\/coneixer-per-a-protegir-les-platges-de-palafrugell\/#primaryimage\"},\"thumbnailUrl\":\"https:\/\/www.poseidoncalella.com\/wordpress2\/wp-content\/uploads\/2021\/06\/poseidon-calella-conocer-para-proteger-las-playas-de-palafrugell.jpg\",\"inLanguage\":\"es-CA\",\"potentialAction\":[{\"@type\":\"CommentAction\",\"name\":\"Comment\",\"target\":[\"https:\/\/www.poseidoncalella.com\/ca\/coneixer-per-a-protegir-les-platges-de-palafrugell\/#respond\"]}]},{\"@type\":\"WebPage\",\"@id\":\"https:\/\/www.poseidoncalella.com\/ca\/coneixer-per-a-protegir-les-platges-de-palafrugell\/\",\"url\":\"https:\/\/www.poseidoncalella.com\/ca\/coneixer-per-a-protegir-les-platges-de-palafrugell\/\",\"name\":\"Con\u00e8ixer per a protegir les platges de Palafrugell - Poseidon Calella\",\"isPartOf\":{\"@id\":\"https:\/\/www.poseidoncalella.com\/#website\"},\"primaryImageOfPage\":{\"@id\":\"https:\/\/www.poseidoncalella.com\/ca\/coneixer-per-a-protegir-les-platges-de-palafrugell\/#primaryimage\"},\"image\":{\"@id\":\"https:\/\/www.poseidoncalella.com\/ca\/coneixer-per-a-protegir-les-platges-de-palafrugell\/#primaryimage\"},\"thumbnailUrl\":\"https:\/\/www.poseidoncalella.com\/wordpress2\/wp-content\/uploads\/2021\/06\/poseidon-calella-conocer-para-proteger-las-playas-de-palafrugell.jpg\",\"datePublished\":\"2021-06-02T11:32:28+00:00\",\"dateModified\":\"2021-06-02T11:32:28+00:00\",\"breadcrumb\":{\"@id\":\"https:\/\/www.poseidoncalella.com\/ca\/coneixer-per-a-protegir-les-platges-de-palafrugell\/#breadcrumb\"},\"inLanguage\":\"es-CA\",\"potentialAction\":[{\"@type\":\"ReadAction\",\"target\":[\"https:\/\/www.poseidoncalella.com\/ca\/coneixer-per-a-protegir-les-platges-de-palafrugell\/\"]}]},{\"@type\":\"ImageObject\",\"inLanguage\":\"es-CA\",\"@id\":\"https:\/\/www.poseidoncalella.com\/ca\/coneixer-per-a-protegir-les-platges-de-palafrugell\/#primaryimage\",\"url\":\"https:\/\/www.poseidoncalella.com\/wordpress2\/wp-content\/uploads\/2021\/06\/poseidon-calella-conocer-para-proteger-las-playas-de-palafrugell.jpg\",\"contentUrl\":\"https:\/\/www.poseidoncalella.com\/wordpress2\/wp-content\/uploads\/2021\/06\/poseidon-calella-conocer-para-proteger-las-playas-de-palafrugell.jpg\",\"width\":1000,\"height\":704},{\"@type\":\"BreadcrumbList\",\"@id\":\"https:\/\/www.poseidoncalella.com\/ca\/coneixer-per-a-protegir-les-platges-de-palafrugell\/#breadcrumb\",\"itemListElement\":[{\"@type\":\"ListItem\",\"position\":1,\"name\":\"Portada\",\"item\":\"https:\/\/www.poseidoncalella.com\/ca\/\"},{\"@type\":\"ListItem\",\"position\":2,\"name\":\"Con\u00e8ixer per a protegir les platges de Palafrugell\"}]},{\"@type\":\"WebSite\",\"@id\":\"https:\/\/www.poseidoncalella.com\/#website\",\"url\":\"https:\/\/www.poseidoncalella.com\/\",\"name\":\"Poseidon Calella\",\"description\":\"Centre de busseig situat a Palafrugell, a la Costa Brava\",\"publisher\":{\"@id\":\"https:\/\/www.poseidoncalella.com\/#organization\"},\"potentialAction\":[{\"@type\":\"SearchAction\",\"target\":{\"@type\":\"EntryPoint\",\"urlTemplate\":\"https:\/\/www.poseidoncalella.com\/?s={search_term_string}\"},\"query-input\":\"required name=search_term_string\"}],\"inLanguage\":\"es-CA\"},{\"@type\":\"Organization\",\"@id\":\"https:\/\/www.poseidoncalella.com\/#organization\",\"name\":\"Poseidon Diving\",\"alternateName\":\"Poseidon Calella\",\"url\":\"https:\/\/www.poseidoncalella.com\/\",\"logo\":{\"@type\":\"ImageObject\",\"inLanguage\":\"es-CA\",\"@id\":\"https:\/\/www.poseidoncalella.com\/#\/schema\/logo\/image\/\",\"url\":\"https:\/\/www.poseidoncalella.com\/wordpress2\/wp-content\/uploads\/2021\/06\/cropped-favicon-1-180x180-1.png\",\"contentUrl\":\"https:\/\/www.poseidoncalella.com\/wordpress2\/wp-content\/uploads\/2021\/06\/cropped-favicon-1-180x180-1.png\",\"width\":180,\"height\":180,\"caption\":\"Poseidon Diving\"},\"image\":{\"@id\":\"https:\/\/www.poseidoncalella.com\/#\/schema\/logo\/image\/\"},\"sameAs\":[\"https:\/\/www.facebook.com\/Poseidon.Calella\",\"https:\/\/www.instagram.com\/poseidoncostabrava\/\"]},{\"@type\":\"Person\",\"@id\":\"https:\/\/www.poseidoncalella.com\/#\/schema\/person\/ce8d51a45783d9707ef6e9fafd6c9c24\",\"name\":\"gmcd\",\"image\":{\"@type\":\"ImageObject\",\"inLanguage\":\"es-CA\",\"@id\":\"https:\/\/www.poseidoncalella.com\/#\/schema\/person\/image\/\",\"url\":\"https:\/\/secure.gravatar.com\/avatar\/304131056b498676612e689bad60e29ba3233997948b9c963f6886ac23b02bb1?s=96&d=mm&r=g\",\"contentUrl\":\"https:\/\/secure.gravatar.com\/avatar\/304131056b498676612e689bad60e29ba3233997948b9c963f6886ac23b02bb1?s=96&d=mm&r=g\",\"caption\":\"gmcd\"},\"sameAs\":[\"https:\/\/www.poseidoncalella.com\/wordpress2\"],\"url\":\"https:\/\/www.poseidoncalella.com\/ca\/author\/gmcd\/\"}]}<\/script>\n<!-- \/ Yoast SEO plugin. -->","yoast_head_json":{"title":"Con\u00e8ixer per a protegir les platges de Palafrugell - Poseidon Calella","robots":{"index":"index","follow":"follow","max-snippet":"max-snippet:-1","max-image-preview":"max-image-preview:large","max-video-preview":"max-video-preview:-1"},"canonical":"https:\/\/www.poseidoncalella.com\/ca\/coneixer-per-a-protegir-les-platges-de-palafrugell\/","og_locale":"es_ES","og_type":"article","og_title":"Con\u00e8ixer per a protegir les platges de Palafrugell - Poseidon Calella","og_description":"\u00c9s necessari refor\u00e7ar la nostra consci\u00e8ncia sobre la import\u00e0ncia de ser respectu\u00f3s amb el medi ambient, en el cas del busseig, del medi mar\u00ed perqu\u00e8 [&hellip;]","og_url":"https:\/\/www.poseidoncalella.com\/ca\/coneixer-per-a-protegir-les-platges-de-palafrugell\/","og_site_name":"Poseidon Calella","article_publisher":"https:\/\/www.facebook.com\/Poseidon.Calella","article_published_time":"2021-06-02T11:32:28+00:00","og_image":[{"width":1000,"height":704,"url":"https:\/\/www.poseidoncalella.com\/wordpress2\/wp-content\/uploads\/2021\/06\/poseidon-calella-conocer-para-proteger-las-playas-de-palafrugell.jpg","type":"image\/jpeg"}],"author":"gmcd","twitter_card":"summary_large_image","twitter_misc":{"Written by":"gmcd","Est. reading time":"2 minutes"},"schema":{"@context":"https:\/\/schema.org","@graph":[{"@type":"Article","@id":"https:\/\/www.poseidoncalella.com\/ca\/coneixer-per-a-protegir-les-platges-de-palafrugell\/#article","isPartOf":{"@id":"https:\/\/www.poseidoncalella.com\/ca\/coneixer-per-a-protegir-les-platges-de-palafrugell\/"},"author":{"name":"gmcd","@id":"https:\/\/www.poseidoncalella.com\/#\/schema\/person\/ce8d51a45783d9707ef6e9fafd6c9c24"},"headline":"Con\u00e8ixer per a protegir les platges de Palafrugell","datePublished":"2021-06-02T11:32:28+00:00","dateModified":"2021-06-02T11:32:28+00:00","mainEntityOfPage":{"@id":"https:\/\/www.poseidoncalella.com\/ca\/coneixer-per-a-protegir-les-platges-de-palafrugell\/"},"wordCount":397,"commentCount":0,"publisher":{"@id":"https:\/\/www.poseidoncalella.com\/#organization"},"image":{"@id":"https:\/\/www.poseidoncalella.com\/ca\/coneixer-per-a-protegir-les-platges-de-palafrugell\/#primaryimage"},"thumbnailUrl":"https:\/\/www.poseidoncalella.com\/wordpress2\/wp-content\/uploads\/2021\/06\/poseidon-calella-conocer-para-proteger-las-playas-de-palafrugell.jpg","inLanguage":"es-CA","potentialAction":[{"@type":"CommentAction","name":"Comment","target":["https:\/\/www.poseidoncalella.com\/ca\/coneixer-per-a-protegir-les-platges-de-palafrugell\/#respond"]}]},{"@type":"WebPage","@id":"https:\/\/www.poseidoncalella.com\/ca\/coneixer-per-a-protegir-les-platges-de-palafrugell\/","url":"https:\/\/www.poseidoncalella.com\/ca\/coneixer-per-a-protegir-les-platges-de-palafrugell\/","name":"Con\u00e8ixer per a protegir les platges de Palafrugell - Poseidon Calella","isPartOf":{"@id":"https:\/\/www.poseidoncalella.com\/#website"},"primaryImageOfPage":{"@id":"https:\/\/www.poseidoncalella.com\/ca\/coneixer-per-a-protegir-les-platges-de-palafrugell\/#primaryimage"},"image":{"@id":"https:\/\/www.poseidoncalella.com\/ca\/coneixer-per-a-protegir-les-platges-de-palafrugell\/#primaryimage"},"thumbnailUrl":"https:\/\/www.poseidoncalella.com\/wordpress2\/wp-content\/uploads\/2021\/06\/poseidon-calella-conocer-para-proteger-las-playas-de-palafrugell.jpg","datePublished":"2021-06-02T11:32:28+00:00","dateModified":"2021-06-02T11:32:28+00:00","breadcrumb":{"@id":"https:\/\/www.poseidoncalella.com\/ca\/coneixer-per-a-protegir-les-platges-de-palafrugell\/#breadcrumb"},"inLanguage":"es-CA","potentialAction":[{"@type":"ReadAction","target":["https:\/\/www.poseidoncalella.com\/ca\/coneixer-per-a-protegir-les-platges-de-palafrugell\/"]}]},{"@type":"ImageObject","inLanguage":"es-CA","@id":"https:\/\/www.poseidoncalella.com\/ca\/coneixer-per-a-protegir-les-platges-de-palafrugell\/#primaryimage","url":"https:\/\/www.poseidoncalella.com\/wordpress2\/wp-content\/uploads\/2021\/06\/poseidon-calella-conocer-para-proteger-las-playas-de-palafrugell.jpg","contentUrl":"https:\/\/www.poseidoncalella.com\/wordpress2\/wp-content\/uploads\/2021\/06\/poseidon-calella-conocer-para-proteger-las-playas-de-palafrugell.jpg","width":1000,"height":704},{"@type":"BreadcrumbList","@id":"https:\/\/www.poseidoncalella.com\/ca\/coneixer-per-a-protegir-les-platges-de-palafrugell\/#breadcrumb","itemListElement":[{"@type":"ListItem","position":1,"name":"Portada","item":"https:\/\/www.poseidoncalella.com\/ca\/"},{"@type":"ListItem","position":2,"name":"Con\u00e8ixer per a protegir les platges de Palafrugell"}]},{"@type":"WebSite","@id":"https:\/\/www.poseidoncalella.com\/#website","url":"https:\/\/www.poseidoncalella.com\/","name":"Poseidon Calella","description":"Centre de busseig situat a Palafrugell, a la Costa Brava","publisher":{"@id":"https:\/\/www.poseidoncalella.com\/#organization"},"potentialAction":[{"@type":"SearchAction","target":{"@type":"EntryPoint","urlTemplate":"https:\/\/www.poseidoncalella.com\/?s={search_term_string}"},"query-input":"required name=search_term_string"}],"inLanguage":"es-CA"},{"@type":"Organization","@id":"https:\/\/www.poseidoncalella.com\/#organization","name":"Poseidon Diving","alternateName":"Poseidon Calella","url":"https:\/\/www.poseidoncalella.com\/","logo":{"@type":"ImageObject","inLanguage":"es-CA","@id":"https:\/\/www.poseidoncalella.com\/#\/schema\/logo\/image\/","url":"https:\/\/www.poseidoncalella.com\/wordpress2\/wp-content\/uploads\/2021\/06\/cropped-favicon-1-180x180-1.png","contentUrl":"https:\/\/www.poseidoncalella.com\/wordpress2\/wp-content\/uploads\/2021\/06\/cropped-favicon-1-180x180-1.png","width":180,"height":180,"caption":"Poseidon Diving"},"image":{"@id":"https:\/\/www.poseidoncalella.com\/#\/schema\/logo\/image\/"},"sameAs":["https:\/\/www.facebook.com\/Poseidon.Calella","https:\/\/www.instagram.com\/poseidoncostabrava\/"]},{"@type":"Person","@id":"https:\/\/www.poseidoncalella.com\/#\/schema\/person\/ce8d51a45783d9707ef6e9fafd6c9c24","name":"gmcd","image":{"@type":"ImageObject","inLanguage":"es-CA","@id":"https:\/\/www.poseidoncalella.com\/#\/schema\/person\/image\/","url":"https:\/\/secure.gravatar.com\/avatar\/304131056b498676612e689bad60e29ba3233997948b9c963f6886ac23b02bb1?s=96&d=mm&r=g","contentUrl":"https:\/\/secure.gravatar.com\/avatar\/304131056b498676612e689bad60e29ba3233997948b9c963f6886ac23b02bb1?s=96&d=mm&r=g","caption":"gmcd"},"sameAs":["https:\/\/www.poseidoncalella.com\/wordpress2"],"url":"https:\/\/www.poseidoncalella.com\/ca\/author\/gmcd\/"}]}},"_links":{"self":[{"href":"https:\/\/www.poseidoncalella.com\/ca\/wp-json\/wp\/v2\/posts\/3667","targetHints":{"allow":["GET"]}}],"collection":[{"href":"https:\/\/www.poseidoncalella.com\/ca\/wp-json\/wp\/v2\/posts"}],"about":[{"href":"https:\/\/www.poseidoncalella.com\/ca\/wp-json\/wp\/v2\/types\/post"}],"author":[{"embeddable":true,"href":"https:\/\/www.poseidoncalella.com\/ca\/wp-json\/wp\/v2\/users\/1"}],"replies":[{"embeddable":true,"href":"https:\/\/www.poseidoncalella.com\/ca\/wp-json\/wp\/v2\/comments?post=3667"}],"version-history":[{"count":0,"href":"https:\/\/www.poseidoncalella.com\/ca\/wp-json\/wp\/v2\/posts\/3667\/revisions"}],"wp:featuredmedia":[{"embeddable":true,"href":"https:\/\/www.poseidoncalella.com\/ca\/wp-json\/wp\/v2\/media\/3561"}],"wp:attachment":[{"href":"https:\/\/www.poseidoncalella.com\/ca\/wp-json\/wp\/v2\/media?parent=3667"}],"wp:term":[{"taxonomy":"category","embeddable":true,"href":"https:\/\/www.poseidoncalella.com\/ca\/wp-json\/wp\/v2\/categories?post=3667"},{"taxonomy":"post_tag","embeddable":true,"href":"https:\/\/www.poseidoncalella.com\/ca\/wp-json\/wp\/v2\/tags?post=3667"}],"curies":[{"name":"wp","href":"https:\/\/api.w.org\/{rel}","templated":true}]}}