{"id":3663,"date":"2021-06-02T13:32:28","date_gmt":"2021-06-02T11:32:28","guid":{"rendered":"https:\/\/www.poseidoncalella.com\/wordpress2\/inicis-bussejant-amb-ampolla-a-la-platja-del-port-pelegri\/"},"modified":"2021-06-02T13:32:28","modified_gmt":"2021-06-02T11:32:28","slug":"inicis-bussejant-amb-ampolla-a-la-platja-del-port-pelegri","status":"publish","type":"post","link":"https:\/\/www.poseidoncalella.com\/ca\/inicis-bussejant-amb-ampolla-a-la-platja-del-port-pelegri\/","title":{"rendered":"Inicis bussejant amb ampolla a la platja del Port Pelegr\u00ed"},"content":{"rendered":"<p>T&#8217;apassiona el m\u00f3n subaq\u00fc\u00e0tic i vols endinsar-te en el busseig amb ampolla? Segur que ja has estat practicant pesca submarina o snorkel, t&#8217;han encantat i vols continuar provant variants marines, aix\u00ed que li toca el torn al busseig amb ampolla.<\/p>\n<p>Primer haur\u00edem de preguntar-nos qu\u00e8 \u00e9s el busseig amb ampolla: \u00c9s un tipus d&#8217;activitat que et far\u00e0 sentir com un peix m\u00e9s en la mar, amb la sensaci\u00f3 de poder respirar sota l&#8217;aigua mentre \u00fanicament escoltes la teva pr\u00f2pia respiraci\u00f3, la qual et relaxar\u00e0 a nivells insospitats. Per aix\u00f2 sol ser una pr\u00e0ctica que agrada i la gent que prova, repeteix.<\/p>\n<p>Podr\u00e0s analitzar el llit mar\u00ed amb la seva vegetaci\u00f3 i albirar les diferents esp\u00e8cies de peixos, eri\u00e7ons, estrelles de mar i altres animals marins. Per no parlar dels beneficis per a la salut:<\/p>\n<ul>\n<li><strong>Musculatura<\/strong>: Com hem de mantenir la flotabilitat alhora que controlem tot l&#8217;equip de 20 quilos, enfortirem la musculatura.<\/li>\n<li><strong>Benestar emocional<\/strong>: L&#8217;aigua s&#8217;usa en moltes ter\u00e0pies, per la qual cosa far\u00e0 que et sentis molt b\u00e9 mentre duri la immersi\u00f3.<\/li>\n<li><strong>Sistema respiratori i cardiovascular<\/strong>: Treballarem b\u00e9 la respiraci\u00f3 i l&#8217;aparell cardiovascular en haver d&#8217;anar inhalant i exhalant aire constantment.<\/li>\n<\/ul>\n<p>El proc\u00e9s a seguir per a poder anar lliurement amb ampolla comen\u00e7a pel baptisme de busseig que no \u00e9s m\u00e9s que l&#8217;activitat que permet iniciar-te en aquesta nova experi\u00e8ncia sense necessitat de cap t\u00edtol.<\/p>\n<p>Per a poder aprendre de manera aut\u00f2noma, cal passar uns cursos homologats com els PADI:<\/p>\n<h3>OPEN WATER DIVER (OWD)<\/h3>\n<p>Aquesta titulaci\u00f3 et permetr\u00e0 bussejar fins a 18 metres i ser aut\u00f2nom en les teves sortides.<\/p>\n<p>Es necessita:<\/p>\n<ul>\n<li>Edat m\u00ednima 10 anys<\/li>\n<li>Saber nedar i tenir un certificat m\u00e8dic apte<\/li>\n<li>Temps del curs 8-15h<\/li>\n<\/ul>\n<p>Aprendr\u00e0s a usar l&#8217;equip de manera aut\u00f2noma, els aspectes b\u00e0sics per a buidar m\u00e0scara, recuperar regulador d&#8217;aire i a comunicar-nos amb els companys.<\/p>\n<h3>ADVANCED OPEN WATER DIVER (ADWD)<\/h3>\n<p>Amb aquest t\u00edtol coneixer\u00e0s a m\u00e9s profunditat i tamb\u00e9 en immersions nocturnes. Amb ell guanyar\u00e0s confian\u00e7a i guanyar\u00e0s destresa.<\/p>\n<p>Es necessita:<\/p>\n<ul>\n<li>Edat m\u00ednima 12 anys<\/li>\n<li>Tenir la titulaci\u00f3 del Open Water Diver\/ J\u00fanior Open Water Diver<\/li>\n<li>Temps del curs 8h<\/li>\n<\/ul>\n<h3>RESCUE DIVER<\/h3>\n<p>Per a poder evitar i gestionar els problemes que et puguis trobar en l&#8217;aigua, millorant les teves habilitats en seguretat com a bussejador.<\/p>\n<p>Es necessita:<\/p>\n<ul>\n<li>Edat m\u00ednima 12 anys<\/li>\n<li>Tenir la titulaci\u00f3 del Advanced Diver<\/li>\n<li>Temps del curs 10-12h<\/li>\n<\/ul>\n<p>Si encara i aix\u00ed vols continuar amb la formaci\u00f3 relacionada amb el busseig amb ampolla:<\/p>\n<h3>DIVE M\u00c0STER<\/h3>\n<p>Per a ser el l\u00edder i encarregar-te de les activitats de busseig de manera professional com a ajudant de l&#8217;instructor.<\/p>\n","protected":false},"excerpt":{"rendered":"<p>T&#8217;apassiona el m\u00f3n subaq\u00fc\u00e0tic i vols endinsar-te en el busseig amb ampolla? Segur que ja has estat practicant pesca submarina o snorkel, t&#8217;han encantat i [&hellip;]<\/p>\n","protected":false},"author":1,"featured_media":3537,"comment_status":"open","ping_status":"open","sticky":false,"template":"","format":"standard","meta":{"footnotes":""},"categories":[],"tags":[],"class_list":["post-3663","post","type-post","status-publish","format-standard","has-post-thumbnail","hentry"],"yoast_head":"<!-- This site is optimized with the Yoast SEO plugin v22.4 - https:\/\/yoast.com\/wordpress\/plugins\/seo\/ -->\n<title>Inicis bussejant amb ampolla a la platja del Port Pelegr\u00ed - Poseidon Calella<\/title>\n<meta name=\"robots\" content=\"index, follow, max-snippet:-1, max-image-preview:large, max-video-preview:-1\" \/>\n<link rel=\"canonical\" href=\"https:\/\/www.poseidoncalella.com\/ca\/inicis-bussejant-amb-ampolla-a-la-platja-del-port-pelegri\/\" \/>\n<meta property=\"og:locale\" content=\"es_ES\" \/>\n<meta property=\"og:type\" content=\"article\" \/>\n<meta property=\"og:title\" content=\"Inicis bussejant amb ampolla a la platja del Port Pelegr\u00ed - Poseidon Calella\" \/>\n<meta property=\"og:description\" content=\"T&#8217;apassiona el m\u00f3n subaq\u00fc\u00e0tic i vols endinsar-te en el busseig amb ampolla? Segur que ja has estat practicant pesca submarina o snorkel, t&#8217;han encantat i [&hellip;]\" \/>\n<meta property=\"og:url\" content=\"https:\/\/www.poseidoncalella.com\/ca\/inicis-bussejant-amb-ampolla-a-la-platja-del-port-pelegri\/\" \/>\n<meta property=\"og:site_name\" content=\"Poseidon Calella\" \/>\n<meta property=\"article:publisher\" content=\"https:\/\/www.facebook.com\/Poseidon.Calella\" \/>\n<meta property=\"article:published_time\" content=\"2021-06-02T11:32:28+00:00\" \/>\n<meta property=\"og:image\" content=\"https:\/\/www.poseidoncalella.com\/wordpress2\/wp-content\/uploads\/2021\/06\/poseidon-calella-inicios-buceando-botella-la-playa-del-port-pelegri.jpg\" \/>\n\t<meta property=\"og:image:width\" content=\"1000\" \/>\n\t<meta property=\"og:image:height\" content=\"562\" \/>\n\t<meta property=\"og:image:type\" content=\"image\/jpeg\" \/>\n<meta name=\"author\" content=\"gmcd\" \/>\n<meta name=\"twitter:card\" content=\"summary_large_image\" \/>\n<meta name=\"twitter:label1\" content=\"Written by\" \/>\n\t<meta name=\"twitter:data1\" content=\"gmcd\" \/>\n\t<meta name=\"twitter:label2\" content=\"Est. reading time\" \/>\n\t<meta name=\"twitter:data2\" content=\"2 minutes\" \/>\n<script type=\"application\/ld+json\" class=\"yoast-schema-graph\">{\"@context\":\"https:\/\/schema.org\",\"@graph\":[{\"@type\":\"Article\",\"@id\":\"https:\/\/www.poseidoncalella.com\/ca\/inicis-bussejant-amb-ampolla-a-la-platja-del-port-pelegri\/#article\",\"isPartOf\":{\"@id\":\"https:\/\/www.poseidoncalella.com\/ca\/inicis-bussejant-amb-ampolla-a-la-platja-del-port-pelegri\/\"},\"author\":{\"name\":\"gmcd\",\"@id\":\"https:\/\/www.poseidoncalella.com\/#\/schema\/person\/ce8d51a45783d9707ef6e9fafd6c9c24\"},\"headline\":\"Inicis bussejant amb ampolla a la platja del Port Pelegr\u00ed\",\"datePublished\":\"2021-06-02T11:32:28+00:00\",\"dateModified\":\"2021-06-02T11:32:28+00:00\",\"mainEntityOfPage\":{\"@id\":\"https:\/\/www.poseidoncalella.com\/ca\/inicis-bussejant-amb-ampolla-a-la-platja-del-port-pelegri\/\"},\"wordCount\":466,\"commentCount\":0,\"publisher\":{\"@id\":\"https:\/\/www.poseidoncalella.com\/#organization\"},\"image\":{\"@id\":\"https:\/\/www.poseidoncalella.com\/ca\/inicis-bussejant-amb-ampolla-a-la-platja-del-port-pelegri\/#primaryimage\"},\"thumbnailUrl\":\"https:\/\/www.poseidoncalella.com\/wordpress2\/wp-content\/uploads\/2021\/06\/poseidon-calella-inicios-buceando-botella-la-playa-del-port-pelegri.jpg\",\"inLanguage\":\"es-CA\",\"potentialAction\":[{\"@type\":\"CommentAction\",\"name\":\"Comment\",\"target\":[\"https:\/\/www.poseidoncalella.com\/ca\/inicis-bussejant-amb-ampolla-a-la-platja-del-port-pelegri\/#respond\"]}]},{\"@type\":\"WebPage\",\"@id\":\"https:\/\/www.poseidoncalella.com\/ca\/inicis-bussejant-amb-ampolla-a-la-platja-del-port-pelegri\/\",\"url\":\"https:\/\/www.poseidoncalella.com\/ca\/inicis-bussejant-amb-ampolla-a-la-platja-del-port-pelegri\/\",\"name\":\"Inicis bussejant amb ampolla a la platja del Port Pelegr\u00ed - Poseidon Calella\",\"isPartOf\":{\"@id\":\"https:\/\/www.poseidoncalella.com\/#website\"},\"primaryImageOfPage\":{\"@id\":\"https:\/\/www.poseidoncalella.com\/ca\/inicis-bussejant-amb-ampolla-a-la-platja-del-port-pelegri\/#primaryimage\"},\"image\":{\"@id\":\"https:\/\/www.poseidoncalella.com\/ca\/inicis-bussejant-amb-ampolla-a-la-platja-del-port-pelegri\/#primaryimage\"},\"thumbnailUrl\":\"https:\/\/www.poseidoncalella.com\/wordpress2\/wp-content\/uploads\/2021\/06\/poseidon-calella-inicios-buceando-botella-la-playa-del-port-pelegri.jpg\",\"datePublished\":\"2021-06-02T11:32:28+00:00\",\"dateModified\":\"2021-06-02T11:32:28+00:00\",\"breadcrumb\":{\"@id\":\"https:\/\/www.poseidoncalella.com\/ca\/inicis-bussejant-amb-ampolla-a-la-platja-del-port-pelegri\/#breadcrumb\"},\"inLanguage\":\"es-CA\",\"potentialAction\":[{\"@type\":\"ReadAction\",\"target\":[\"https:\/\/www.poseidoncalella.com\/ca\/inicis-bussejant-amb-ampolla-a-la-platja-del-port-pelegri\/\"]}]},{\"@type\":\"ImageObject\",\"inLanguage\":\"es-CA\",\"@id\":\"https:\/\/www.poseidoncalella.com\/ca\/inicis-bussejant-amb-ampolla-a-la-platja-del-port-pelegri\/#primaryimage\",\"url\":\"https:\/\/www.poseidoncalella.com\/wordpress2\/wp-content\/uploads\/2021\/06\/poseidon-calella-inicios-buceando-botella-la-playa-del-port-pelegri.jpg\",\"contentUrl\":\"https:\/\/www.poseidoncalella.com\/wordpress2\/wp-content\/uploads\/2021\/06\/poseidon-calella-inicios-buceando-botella-la-playa-del-port-pelegri.jpg\",\"width\":1000,\"height\":562},{\"@type\":\"BreadcrumbList\",\"@id\":\"https:\/\/www.poseidoncalella.com\/ca\/inicis-bussejant-amb-ampolla-a-la-platja-del-port-pelegri\/#breadcrumb\",\"itemListElement\":[{\"@type\":\"ListItem\",\"position\":1,\"name\":\"Portada\",\"item\":\"https:\/\/www.poseidoncalella.com\/ca\/\"},{\"@type\":\"ListItem\",\"position\":2,\"name\":\"Inicis bussejant amb ampolla a la platja del Port Pelegr\u00ed\"}]},{\"@type\":\"WebSite\",\"@id\":\"https:\/\/www.poseidoncalella.com\/#website\",\"url\":\"https:\/\/www.poseidoncalella.com\/\",\"name\":\"Poseidon Calella\",\"description\":\"Centre de busseig situat a Palafrugell, a la Costa Brava\",\"publisher\":{\"@id\":\"https:\/\/www.poseidoncalella.com\/#organization\"},\"potentialAction\":[{\"@type\":\"SearchAction\",\"target\":{\"@type\":\"EntryPoint\",\"urlTemplate\":\"https:\/\/www.poseidoncalella.com\/?s={search_term_string}\"},\"query-input\":\"required name=search_term_string\"}],\"inLanguage\":\"es-CA\"},{\"@type\":\"Organization\",\"@id\":\"https:\/\/www.poseidoncalella.com\/#organization\",\"name\":\"Poseidon Diving\",\"alternateName\":\"Poseidon Calella\",\"url\":\"https:\/\/www.poseidoncalella.com\/\",\"logo\":{\"@type\":\"ImageObject\",\"inLanguage\":\"es-CA\",\"@id\":\"https:\/\/www.poseidoncalella.com\/#\/schema\/logo\/image\/\",\"url\":\"https:\/\/www.poseidoncalella.com\/wordpress2\/wp-content\/uploads\/2021\/06\/cropped-favicon-1-180x180-1.png\",\"contentUrl\":\"https:\/\/www.poseidoncalella.com\/wordpress2\/wp-content\/uploads\/2021\/06\/cropped-favicon-1-180x180-1.png\",\"width\":180,\"height\":180,\"caption\":\"Poseidon Diving\"},\"image\":{\"@id\":\"https:\/\/www.poseidoncalella.com\/#\/schema\/logo\/image\/\"},\"sameAs\":[\"https:\/\/www.facebook.com\/Poseidon.Calella\",\"https:\/\/www.instagram.com\/poseidoncostabrava\/\"]},{\"@type\":\"Person\",\"@id\":\"https:\/\/www.poseidoncalella.com\/#\/schema\/person\/ce8d51a45783d9707ef6e9fafd6c9c24\",\"name\":\"gmcd\",\"image\":{\"@type\":\"ImageObject\",\"inLanguage\":\"es-CA\",\"@id\":\"https:\/\/www.poseidoncalella.com\/#\/schema\/person\/image\/\",\"url\":\"https:\/\/secure.gravatar.com\/avatar\/304131056b498676612e689bad60e29ba3233997948b9c963f6886ac23b02bb1?s=96&d=mm&r=g\",\"contentUrl\":\"https:\/\/secure.gravatar.com\/avatar\/304131056b498676612e689bad60e29ba3233997948b9c963f6886ac23b02bb1?s=96&d=mm&r=g\",\"caption\":\"gmcd\"},\"sameAs\":[\"https:\/\/www.poseidoncalella.com\/wordpress2\"],\"url\":\"https:\/\/www.poseidoncalella.com\/ca\/author\/gmcd\/\"}]}<\/script>\n<!-- \/ Yoast SEO plugin. -->","yoast_head_json":{"title":"Inicis bussejant amb ampolla a la platja del Port Pelegr\u00ed - Poseidon Calella","robots":{"index":"index","follow":"follow","max-snippet":"max-snippet:-1","max-image-preview":"max-image-preview:large","max-video-preview":"max-video-preview:-1"},"canonical":"https:\/\/www.poseidoncalella.com\/ca\/inicis-bussejant-amb-ampolla-a-la-platja-del-port-pelegri\/","og_locale":"es_ES","og_type":"article","og_title":"Inicis bussejant amb ampolla a la platja del Port Pelegr\u00ed - Poseidon Calella","og_description":"T&#8217;apassiona el m\u00f3n subaq\u00fc\u00e0tic i vols endinsar-te en el busseig amb ampolla? Segur que ja has estat practicant pesca submarina o snorkel, t&#8217;han encantat i [&hellip;]","og_url":"https:\/\/www.poseidoncalella.com\/ca\/inicis-bussejant-amb-ampolla-a-la-platja-del-port-pelegri\/","og_site_name":"Poseidon Calella","article_publisher":"https:\/\/www.facebook.com\/Poseidon.Calella","article_published_time":"2021-06-02T11:32:28+00:00","og_image":[{"width":1000,"height":562,"url":"https:\/\/www.poseidoncalella.com\/wordpress2\/wp-content\/uploads\/2021\/06\/poseidon-calella-inicios-buceando-botella-la-playa-del-port-pelegri.jpg","type":"image\/jpeg"}],"author":"gmcd","twitter_card":"summary_large_image","twitter_misc":{"Written by":"gmcd","Est. reading time":"2 minutes"},"schema":{"@context":"https:\/\/schema.org","@graph":[{"@type":"Article","@id":"https:\/\/www.poseidoncalella.com\/ca\/inicis-bussejant-amb-ampolla-a-la-platja-del-port-pelegri\/#article","isPartOf":{"@id":"https:\/\/www.poseidoncalella.com\/ca\/inicis-bussejant-amb-ampolla-a-la-platja-del-port-pelegri\/"},"author":{"name":"gmcd","@id":"https:\/\/www.poseidoncalella.com\/#\/schema\/person\/ce8d51a45783d9707ef6e9fafd6c9c24"},"headline":"Inicis bussejant amb ampolla a la platja del Port Pelegr\u00ed","datePublished":"2021-06-02T11:32:28+00:00","dateModified":"2021-06-02T11:32:28+00:00","mainEntityOfPage":{"@id":"https:\/\/www.poseidoncalella.com\/ca\/inicis-bussejant-amb-ampolla-a-la-platja-del-port-pelegri\/"},"wordCount":466,"commentCount":0,"publisher":{"@id":"https:\/\/www.poseidoncalella.com\/#organization"},"image":{"@id":"https:\/\/www.poseidoncalella.com\/ca\/inicis-bussejant-amb-ampolla-a-la-platja-del-port-pelegri\/#primaryimage"},"thumbnailUrl":"https:\/\/www.poseidoncalella.com\/wordpress2\/wp-content\/uploads\/2021\/06\/poseidon-calella-inicios-buceando-botella-la-playa-del-port-pelegri.jpg","inLanguage":"es-CA","potentialAction":[{"@type":"CommentAction","name":"Comment","target":["https:\/\/www.poseidoncalella.com\/ca\/inicis-bussejant-amb-ampolla-a-la-platja-del-port-pelegri\/#respond"]}]},{"@type":"WebPage","@id":"https:\/\/www.poseidoncalella.com\/ca\/inicis-bussejant-amb-ampolla-a-la-platja-del-port-pelegri\/","url":"https:\/\/www.poseidoncalella.com\/ca\/inicis-bussejant-amb-ampolla-a-la-platja-del-port-pelegri\/","name":"Inicis bussejant amb ampolla a la platja del Port Pelegr\u00ed - Poseidon Calella","isPartOf":{"@id":"https:\/\/www.poseidoncalella.com\/#website"},"primaryImageOfPage":{"@id":"https:\/\/www.poseidoncalella.com\/ca\/inicis-bussejant-amb-ampolla-a-la-platja-del-port-pelegri\/#primaryimage"},"image":{"@id":"https:\/\/www.poseidoncalella.com\/ca\/inicis-bussejant-amb-ampolla-a-la-platja-del-port-pelegri\/#primaryimage"},"thumbnailUrl":"https:\/\/www.poseidoncalella.com\/wordpress2\/wp-content\/uploads\/2021\/06\/poseidon-calella-inicios-buceando-botella-la-playa-del-port-pelegri.jpg","datePublished":"2021-06-02T11:32:28+00:00","dateModified":"2021-06-02T11:32:28+00:00","breadcrumb":{"@id":"https:\/\/www.poseidoncalella.com\/ca\/inicis-bussejant-amb-ampolla-a-la-platja-del-port-pelegri\/#breadcrumb"},"inLanguage":"es-CA","potentialAction":[{"@type":"ReadAction","target":["https:\/\/www.poseidoncalella.com\/ca\/inicis-bussejant-amb-ampolla-a-la-platja-del-port-pelegri\/"]}]},{"@type":"ImageObject","inLanguage":"es-CA","@id":"https:\/\/www.poseidoncalella.com\/ca\/inicis-bussejant-amb-ampolla-a-la-platja-del-port-pelegri\/#primaryimage","url":"https:\/\/www.poseidoncalella.com\/wordpress2\/wp-content\/uploads\/2021\/06\/poseidon-calella-inicios-buceando-botella-la-playa-del-port-pelegri.jpg","contentUrl":"https:\/\/www.poseidoncalella.com\/wordpress2\/wp-content\/uploads\/2021\/06\/poseidon-calella-inicios-buceando-botella-la-playa-del-port-pelegri.jpg","width":1000,"height":562},{"@type":"BreadcrumbList","@id":"https:\/\/www.poseidoncalella.com\/ca\/inicis-bussejant-amb-ampolla-a-la-platja-del-port-pelegri\/#breadcrumb","itemListElement":[{"@type":"ListItem","position":1,"name":"Portada","item":"https:\/\/www.poseidoncalella.com\/ca\/"},{"@type":"ListItem","position":2,"name":"Inicis bussejant amb ampolla a la platja del Port Pelegr\u00ed"}]},{"@type":"WebSite","@id":"https:\/\/www.poseidoncalella.com\/#website","url":"https:\/\/www.poseidoncalella.com\/","name":"Poseidon Calella","description":"Centre de busseig situat a Palafrugell, a la Costa Brava","publisher":{"@id":"https:\/\/www.poseidoncalella.com\/#organization"},"potentialAction":[{"@type":"SearchAction","target":{"@type":"EntryPoint","urlTemplate":"https:\/\/www.poseidoncalella.com\/?s={search_term_string}"},"query-input":"required name=search_term_string"}],"inLanguage":"es-CA"},{"@type":"Organization","@id":"https:\/\/www.poseidoncalella.com\/#organization","name":"Poseidon Diving","alternateName":"Poseidon Calella","url":"https:\/\/www.poseidoncalella.com\/","logo":{"@type":"ImageObject","inLanguage":"es-CA","@id":"https:\/\/www.poseidoncalella.com\/#\/schema\/logo\/image\/","url":"https:\/\/www.poseidoncalella.com\/wordpress2\/wp-content\/uploads\/2021\/06\/cropped-favicon-1-180x180-1.png","contentUrl":"https:\/\/www.poseidoncalella.com\/wordpress2\/wp-content\/uploads\/2021\/06\/cropped-favicon-1-180x180-1.png","width":180,"height":180,"caption":"Poseidon Diving"},"image":{"@id":"https:\/\/www.poseidoncalella.com\/#\/schema\/logo\/image\/"},"sameAs":["https:\/\/www.facebook.com\/Poseidon.Calella","https:\/\/www.instagram.com\/poseidoncostabrava\/"]},{"@type":"Person","@id":"https:\/\/www.poseidoncalella.com\/#\/schema\/person\/ce8d51a45783d9707ef6e9fafd6c9c24","name":"gmcd","image":{"@type":"ImageObject","inLanguage":"es-CA","@id":"https:\/\/www.poseidoncalella.com\/#\/schema\/person\/image\/","url":"https:\/\/secure.gravatar.com\/avatar\/304131056b498676612e689bad60e29ba3233997948b9c963f6886ac23b02bb1?s=96&d=mm&r=g","contentUrl":"https:\/\/secure.gravatar.com\/avatar\/304131056b498676612e689bad60e29ba3233997948b9c963f6886ac23b02bb1?s=96&d=mm&r=g","caption":"gmcd"},"sameAs":["https:\/\/www.poseidoncalella.com\/wordpress2"],"url":"https:\/\/www.poseidoncalella.com\/ca\/author\/gmcd\/"}]}},"_links":{"self":[{"href":"https:\/\/www.poseidoncalella.com\/ca\/wp-json\/wp\/v2\/posts\/3663","targetHints":{"allow":["GET"]}}],"collection":[{"href":"https:\/\/www.poseidoncalella.com\/ca\/wp-json\/wp\/v2\/posts"}],"about":[{"href":"https:\/\/www.poseidoncalella.com\/ca\/wp-json\/wp\/v2\/types\/post"}],"author":[{"embeddable":true,"href":"https:\/\/www.poseidoncalella.com\/ca\/wp-json\/wp\/v2\/users\/1"}],"replies":[{"embeddable":true,"href":"https:\/\/www.poseidoncalella.com\/ca\/wp-json\/wp\/v2\/comments?post=3663"}],"version-history":[{"count":0,"href":"https:\/\/www.poseidoncalella.com\/ca\/wp-json\/wp\/v2\/posts\/3663\/revisions"}],"wp:featuredmedia":[{"embeddable":true,"href":"https:\/\/www.poseidoncalella.com\/ca\/wp-json\/wp\/v2\/media\/3537"}],"wp:attachment":[{"href":"https:\/\/www.poseidoncalella.com\/ca\/wp-json\/wp\/v2\/media?parent=3663"}],"wp:term":[{"taxonomy":"category","embeddable":true,"href":"https:\/\/www.poseidoncalella.com\/ca\/wp-json\/wp\/v2\/categories?post=3663"},{"taxonomy":"post_tag","embeddable":true,"href":"https:\/\/www.poseidoncalella.com\/ca\/wp-json\/wp\/v2\/tags?post=3663"}],"curies":[{"name":"wp","href":"https:\/\/api.w.org\/{rel}","templated":true}]}}