{"id":3649,"date":"2021-06-02T13:32:26","date_gmt":"2021-06-02T11:32:26","guid":{"rendered":"https:\/\/www.poseidoncalella.com\/wordpress2\/alguns-exercicis-per-a-millora-la-teva-apnea-a-calella-de-palafrugell\/"},"modified":"2021-06-02T13:32:26","modified_gmt":"2021-06-02T11:32:26","slug":"alguns-exercicis-per-a-millora-la-teva-apnea-a-calella-de-palafrugell","status":"publish","type":"post","link":"https:\/\/www.poseidoncalella.com\/ca\/alguns-exercicis-per-a-millora-la-teva-apnea-a-calella-de-palafrugell\/","title":{"rendered":"Alguns exercicis per a millora la teva apnea a Calella de Palafrugell"},"content":{"rendered":"<p>L&#8217;apnea la coneixem a Calella de Palafrugell tradicionalment com un exercici que es practica mentre es busseja per\u00f2, en realitat, la pots practicar a la platja de Palafrugell, no t\u00e9 perqu\u00e8 ser sota l&#8217;aigua sempre. Aquest tipus d&#8217;apnea es denomina apnea din\u00e0mica (DIN) i un exemple r\u00e0pid seria agafar una bona glopada d&#8217;aire i caminar uns 50 metres, fent diferents s\u00e8ries i, mentre et vas recuperant, pots anar practicant un altre exercici com hipopressius. Aquests \u00faltims s\u00f3n ideals per a tenir ben entrenat el diafragma quan hem decidit baixar m\u00e9s profund o fins i tot per als cops de diafragma quan hi ha un exc\u00e9s de CO\u2082.<\/p>\n<p>Si practiques aquests exercicis en terra ferma, podr\u00e0s arribar a duplicar el temps que ets capa\u00e7 d&#8217;aguantar sota l&#8217;aigua despr\u00e9s del primer cop de diafragma.<\/p>\n<p>Recordeu que \u00e9s molt important descansar tot el que es pugui abans de practicar qualsevol tipus d&#8217;esport subaq\u00fc\u00e0tic a les platges de Palafrugell i, si noteu que no esteu al 100% de les vostres capacitats, el millor \u00e9s parar i deixar la pr\u00e0ctica d&#8217;apnea a les platges de la Costa Brava per a un altre dia, encara que noteu un simple refredat o que no esteu del tot concentrats. M\u00e9s val prevenir que curar.<\/p>\n<p>L&#8217;exercici que practiquem en la superf\u00edcie consisteix a relaxar-se uns tres minuts abans de realitzar l&#8217;apnea i 5 segons abans d&#8217;iniciar la immersi\u00f3, comencem els exercicis respiratoris que s&#8217;encarreguen d&#8217;eliminar el CO\u2082 residual expirant profundament amb el diafragma sense arribar a hiperventilar. Quan notem que estem en l&#8217;\u00faltima glopada d&#8217;aire, llavors fem les 3 respiracions: Diafragm\u00e0tica, pulmonar i clavicular. Si hem de fer una immersi\u00f3 a gran profunditat, afegirem una quarta que \u00e9s la carpiana, per\u00f2 en requerir molta capacitat pulmonar, podem prescindir d&#8217;ella per aquesta vegada.<\/p>\n<p>I qu\u00e8 passa quan pugem a la superf\u00edcie? Hem de posar en pr\u00e0ctica les respiracions de recuperaci\u00f3 on deixarem anar gaireb\u00e9 tot l&#8217;aire, un 90% aproximadament, tornarem a agafar aire de nou i una apnea d&#8217;uns 5 segons. Aquest exercici el repetim fins a 3 vegades i aix\u00ed evitarem la s\u00edncope.<\/p>\n","protected":false},"excerpt":{"rendered":"<p>L&#8217;apnea la coneixem a Calella de Palafrugell tradicionalment com un exercici que es practica mentre es busseja per\u00f2, en realitat, la pots practicar a la [&hellip;]<\/p>\n","protected":false},"author":1,"featured_media":3447,"comment_status":"open","ping_status":"open","sticky":false,"template":"","format":"standard","meta":{"footnotes":""},"categories":[],"tags":[],"class_list":["post-3649","post","type-post","status-publish","format-standard","has-post-thumbnail","hentry"],"yoast_head":"<!-- This site is optimized with the Yoast SEO plugin v22.4 - https:\/\/yoast.com\/wordpress\/plugins\/seo\/ -->\n<title>Alguns exercicis per a millora la teva apnea a Calella de Palafrugell - Poseidon Calella<\/title>\n<meta name=\"robots\" content=\"index, follow, max-snippet:-1, max-image-preview:large, max-video-preview:-1\" \/>\n<link rel=\"canonical\" href=\"https:\/\/www.poseidoncalella.com\/ca\/alguns-exercicis-per-a-millora-la-teva-apnea-a-calella-de-palafrugell\/\" \/>\n<meta property=\"og:locale\" content=\"es_ES\" \/>\n<meta property=\"og:type\" content=\"article\" \/>\n<meta property=\"og:title\" content=\"Alguns exercicis per a millora la teva apnea a Calella de Palafrugell - Poseidon Calella\" \/>\n<meta property=\"og:description\" content=\"L&#8217;apnea la coneixem a Calella de Palafrugell tradicionalment com un exercici que es practica mentre es busseja per\u00f2, en realitat, la pots practicar a la [&hellip;]\" \/>\n<meta property=\"og:url\" content=\"https:\/\/www.poseidoncalella.com\/ca\/alguns-exercicis-per-a-millora-la-teva-apnea-a-calella-de-palafrugell\/\" \/>\n<meta property=\"og:site_name\" content=\"Poseidon Calella\" \/>\n<meta property=\"article:publisher\" content=\"https:\/\/www.facebook.com\/Poseidon.Calella\" \/>\n<meta property=\"article:published_time\" content=\"2021-06-02T11:32:26+00:00\" \/>\n<meta property=\"og:image\" content=\"https:\/\/www.poseidoncalella.com\/wordpress2\/wp-content\/uploads\/2021\/06\/poseidon-algunos-ejercicios-para-mejora-tu-apnea-en-calella-de-palafrugell.jpg\" \/>\n\t<meta property=\"og:image:width\" content=\"1000\" \/>\n\t<meta property=\"og:image:height\" content=\"750\" \/>\n\t<meta property=\"og:image:type\" content=\"image\/jpeg\" \/>\n<meta name=\"author\" content=\"gmcd\" \/>\n<meta name=\"twitter:card\" content=\"summary_large_image\" \/>\n<meta name=\"twitter:label1\" content=\"Written by\" \/>\n\t<meta name=\"twitter:data1\" content=\"gmcd\" \/>\n\t<meta name=\"twitter:label2\" content=\"Est. reading time\" \/>\n\t<meta name=\"twitter:data2\" content=\"2 minutes\" \/>\n<script type=\"application\/ld+json\" class=\"yoast-schema-graph\">{\"@context\":\"https:\/\/schema.org\",\"@graph\":[{\"@type\":\"Article\",\"@id\":\"https:\/\/www.poseidoncalella.com\/ca\/alguns-exercicis-per-a-millora-la-teva-apnea-a-calella-de-palafrugell\/#article\",\"isPartOf\":{\"@id\":\"https:\/\/www.poseidoncalella.com\/ca\/alguns-exercicis-per-a-millora-la-teva-apnea-a-calella-de-palafrugell\/\"},\"author\":{\"name\":\"gmcd\",\"@id\":\"https:\/\/www.poseidoncalella.com\/#\/schema\/person\/ce8d51a45783d9707ef6e9fafd6c9c24\"},\"headline\":\"Alguns exercicis per a millora la teva apnea a Calella de Palafrugell\",\"datePublished\":\"2021-06-02T11:32:26+00:00\",\"dateModified\":\"2021-06-02T11:32:26+00:00\",\"mainEntityOfPage\":{\"@id\":\"https:\/\/www.poseidoncalella.com\/ca\/alguns-exercicis-per-a-millora-la-teva-apnea-a-calella-de-palafrugell\/\"},\"wordCount\":366,\"commentCount\":0,\"publisher\":{\"@id\":\"https:\/\/www.poseidoncalella.com\/#organization\"},\"image\":{\"@id\":\"https:\/\/www.poseidoncalella.com\/ca\/alguns-exercicis-per-a-millora-la-teva-apnea-a-calella-de-palafrugell\/#primaryimage\"},\"thumbnailUrl\":\"https:\/\/www.poseidoncalella.com\/wordpress2\/wp-content\/uploads\/2021\/06\/poseidon-algunos-ejercicios-para-mejora-tu-apnea-en-calella-de-palafrugell.jpg\",\"inLanguage\":\"es-CA\",\"potentialAction\":[{\"@type\":\"CommentAction\",\"name\":\"Comment\",\"target\":[\"https:\/\/www.poseidoncalella.com\/ca\/alguns-exercicis-per-a-millora-la-teva-apnea-a-calella-de-palafrugell\/#respond\"]}]},{\"@type\":\"WebPage\",\"@id\":\"https:\/\/www.poseidoncalella.com\/ca\/alguns-exercicis-per-a-millora-la-teva-apnea-a-calella-de-palafrugell\/\",\"url\":\"https:\/\/www.poseidoncalella.com\/ca\/alguns-exercicis-per-a-millora-la-teva-apnea-a-calella-de-palafrugell\/\",\"name\":\"Alguns exercicis per a millora la teva apnea a Calella de Palafrugell - Poseidon Calella\",\"isPartOf\":{\"@id\":\"https:\/\/www.poseidoncalella.com\/#website\"},\"primaryImageOfPage\":{\"@id\":\"https:\/\/www.poseidoncalella.com\/ca\/alguns-exercicis-per-a-millora-la-teva-apnea-a-calella-de-palafrugell\/#primaryimage\"},\"image\":{\"@id\":\"https:\/\/www.poseidoncalella.com\/ca\/alguns-exercicis-per-a-millora-la-teva-apnea-a-calella-de-palafrugell\/#primaryimage\"},\"thumbnailUrl\":\"https:\/\/www.poseidoncalella.com\/wordpress2\/wp-content\/uploads\/2021\/06\/poseidon-algunos-ejercicios-para-mejora-tu-apnea-en-calella-de-palafrugell.jpg\",\"datePublished\":\"2021-06-02T11:32:26+00:00\",\"dateModified\":\"2021-06-02T11:32:26+00:00\",\"breadcrumb\":{\"@id\":\"https:\/\/www.poseidoncalella.com\/ca\/alguns-exercicis-per-a-millora-la-teva-apnea-a-calella-de-palafrugell\/#breadcrumb\"},\"inLanguage\":\"es-CA\",\"potentialAction\":[{\"@type\":\"ReadAction\",\"target\":[\"https:\/\/www.poseidoncalella.com\/ca\/alguns-exercicis-per-a-millora-la-teva-apnea-a-calella-de-palafrugell\/\"]}]},{\"@type\":\"ImageObject\",\"inLanguage\":\"es-CA\",\"@id\":\"https:\/\/www.poseidoncalella.com\/ca\/alguns-exercicis-per-a-millora-la-teva-apnea-a-calella-de-palafrugell\/#primaryimage\",\"url\":\"https:\/\/www.poseidoncalella.com\/wordpress2\/wp-content\/uploads\/2021\/06\/poseidon-algunos-ejercicios-para-mejora-tu-apnea-en-calella-de-palafrugell.jpg\",\"contentUrl\":\"https:\/\/www.poseidoncalella.com\/wordpress2\/wp-content\/uploads\/2021\/06\/poseidon-algunos-ejercicios-para-mejora-tu-apnea-en-calella-de-palafrugell.jpg\",\"width\":1000,\"height\":750},{\"@type\":\"BreadcrumbList\",\"@id\":\"https:\/\/www.poseidoncalella.com\/ca\/alguns-exercicis-per-a-millora-la-teva-apnea-a-calella-de-palafrugell\/#breadcrumb\",\"itemListElement\":[{\"@type\":\"ListItem\",\"position\":1,\"name\":\"Portada\",\"item\":\"https:\/\/www.poseidoncalella.com\/ca\/\"},{\"@type\":\"ListItem\",\"position\":2,\"name\":\"Alguns exercicis per a millora la teva apnea a Calella de Palafrugell\"}]},{\"@type\":\"WebSite\",\"@id\":\"https:\/\/www.poseidoncalella.com\/#website\",\"url\":\"https:\/\/www.poseidoncalella.com\/\",\"name\":\"Poseidon Calella\",\"description\":\"Centre de busseig situat a Palafrugell, a la Costa Brava\",\"publisher\":{\"@id\":\"https:\/\/www.poseidoncalella.com\/#organization\"},\"potentialAction\":[{\"@type\":\"SearchAction\",\"target\":{\"@type\":\"EntryPoint\",\"urlTemplate\":\"https:\/\/www.poseidoncalella.com\/?s={search_term_string}\"},\"query-input\":\"required name=search_term_string\"}],\"inLanguage\":\"es-CA\"},{\"@type\":\"Organization\",\"@id\":\"https:\/\/www.poseidoncalella.com\/#organization\",\"name\":\"Poseidon Diving\",\"alternateName\":\"Poseidon Calella\",\"url\":\"https:\/\/www.poseidoncalella.com\/\",\"logo\":{\"@type\":\"ImageObject\",\"inLanguage\":\"es-CA\",\"@id\":\"https:\/\/www.poseidoncalella.com\/#\/schema\/logo\/image\/\",\"url\":\"https:\/\/www.poseidoncalella.com\/wordpress2\/wp-content\/uploads\/2021\/06\/cropped-favicon-1-180x180-1.png\",\"contentUrl\":\"https:\/\/www.poseidoncalella.com\/wordpress2\/wp-content\/uploads\/2021\/06\/cropped-favicon-1-180x180-1.png\",\"width\":180,\"height\":180,\"caption\":\"Poseidon Diving\"},\"image\":{\"@id\":\"https:\/\/www.poseidoncalella.com\/#\/schema\/logo\/image\/\"},\"sameAs\":[\"https:\/\/www.facebook.com\/Poseidon.Calella\",\"https:\/\/www.instagram.com\/poseidoncostabrava\/\"]},{\"@type\":\"Person\",\"@id\":\"https:\/\/www.poseidoncalella.com\/#\/schema\/person\/ce8d51a45783d9707ef6e9fafd6c9c24\",\"name\":\"gmcd\",\"image\":{\"@type\":\"ImageObject\",\"inLanguage\":\"es-CA\",\"@id\":\"https:\/\/www.poseidoncalella.com\/#\/schema\/person\/image\/\",\"url\":\"https:\/\/secure.gravatar.com\/avatar\/304131056b498676612e689bad60e29ba3233997948b9c963f6886ac23b02bb1?s=96&d=mm&r=g\",\"contentUrl\":\"https:\/\/secure.gravatar.com\/avatar\/304131056b498676612e689bad60e29ba3233997948b9c963f6886ac23b02bb1?s=96&d=mm&r=g\",\"caption\":\"gmcd\"},\"sameAs\":[\"https:\/\/www.poseidoncalella.com\/wordpress2\"],\"url\":\"https:\/\/www.poseidoncalella.com\/ca\/author\/gmcd\/\"}]}<\/script>\n<!-- \/ Yoast SEO plugin. -->","yoast_head_json":{"title":"Alguns exercicis per a millora la teva apnea a Calella de Palafrugell - Poseidon Calella","robots":{"index":"index","follow":"follow","max-snippet":"max-snippet:-1","max-image-preview":"max-image-preview:large","max-video-preview":"max-video-preview:-1"},"canonical":"https:\/\/www.poseidoncalella.com\/ca\/alguns-exercicis-per-a-millora-la-teva-apnea-a-calella-de-palafrugell\/","og_locale":"es_ES","og_type":"article","og_title":"Alguns exercicis per a millora la teva apnea a Calella de Palafrugell - Poseidon Calella","og_description":"L&#8217;apnea la coneixem a Calella de Palafrugell tradicionalment com un exercici que es practica mentre es busseja per\u00f2, en realitat, la pots practicar a la [&hellip;]","og_url":"https:\/\/www.poseidoncalella.com\/ca\/alguns-exercicis-per-a-millora-la-teva-apnea-a-calella-de-palafrugell\/","og_site_name":"Poseidon Calella","article_publisher":"https:\/\/www.facebook.com\/Poseidon.Calella","article_published_time":"2021-06-02T11:32:26+00:00","og_image":[{"width":1000,"height":750,"url":"https:\/\/www.poseidoncalella.com\/wordpress2\/wp-content\/uploads\/2021\/06\/poseidon-algunos-ejercicios-para-mejora-tu-apnea-en-calella-de-palafrugell.jpg","type":"image\/jpeg"}],"author":"gmcd","twitter_card":"summary_large_image","twitter_misc":{"Written by":"gmcd","Est. reading time":"2 minutes"},"schema":{"@context":"https:\/\/schema.org","@graph":[{"@type":"Article","@id":"https:\/\/www.poseidoncalella.com\/ca\/alguns-exercicis-per-a-millora-la-teva-apnea-a-calella-de-palafrugell\/#article","isPartOf":{"@id":"https:\/\/www.poseidoncalella.com\/ca\/alguns-exercicis-per-a-millora-la-teva-apnea-a-calella-de-palafrugell\/"},"author":{"name":"gmcd","@id":"https:\/\/www.poseidoncalella.com\/#\/schema\/person\/ce8d51a45783d9707ef6e9fafd6c9c24"},"headline":"Alguns exercicis per a millora la teva apnea a Calella de Palafrugell","datePublished":"2021-06-02T11:32:26+00:00","dateModified":"2021-06-02T11:32:26+00:00","mainEntityOfPage":{"@id":"https:\/\/www.poseidoncalella.com\/ca\/alguns-exercicis-per-a-millora-la-teva-apnea-a-calella-de-palafrugell\/"},"wordCount":366,"commentCount":0,"publisher":{"@id":"https:\/\/www.poseidoncalella.com\/#organization"},"image":{"@id":"https:\/\/www.poseidoncalella.com\/ca\/alguns-exercicis-per-a-millora-la-teva-apnea-a-calella-de-palafrugell\/#primaryimage"},"thumbnailUrl":"https:\/\/www.poseidoncalella.com\/wordpress2\/wp-content\/uploads\/2021\/06\/poseidon-algunos-ejercicios-para-mejora-tu-apnea-en-calella-de-palafrugell.jpg","inLanguage":"es-CA","potentialAction":[{"@type":"CommentAction","name":"Comment","target":["https:\/\/www.poseidoncalella.com\/ca\/alguns-exercicis-per-a-millora-la-teva-apnea-a-calella-de-palafrugell\/#respond"]}]},{"@type":"WebPage","@id":"https:\/\/www.poseidoncalella.com\/ca\/alguns-exercicis-per-a-millora-la-teva-apnea-a-calella-de-palafrugell\/","url":"https:\/\/www.poseidoncalella.com\/ca\/alguns-exercicis-per-a-millora-la-teva-apnea-a-calella-de-palafrugell\/","name":"Alguns exercicis per a millora la teva apnea a Calella de Palafrugell - Poseidon Calella","isPartOf":{"@id":"https:\/\/www.poseidoncalella.com\/#website"},"primaryImageOfPage":{"@id":"https:\/\/www.poseidoncalella.com\/ca\/alguns-exercicis-per-a-millora-la-teva-apnea-a-calella-de-palafrugell\/#primaryimage"},"image":{"@id":"https:\/\/www.poseidoncalella.com\/ca\/alguns-exercicis-per-a-millora-la-teva-apnea-a-calella-de-palafrugell\/#primaryimage"},"thumbnailUrl":"https:\/\/www.poseidoncalella.com\/wordpress2\/wp-content\/uploads\/2021\/06\/poseidon-algunos-ejercicios-para-mejora-tu-apnea-en-calella-de-palafrugell.jpg","datePublished":"2021-06-02T11:32:26+00:00","dateModified":"2021-06-02T11:32:26+00:00","breadcrumb":{"@id":"https:\/\/www.poseidoncalella.com\/ca\/alguns-exercicis-per-a-millora-la-teva-apnea-a-calella-de-palafrugell\/#breadcrumb"},"inLanguage":"es-CA","potentialAction":[{"@type":"ReadAction","target":["https:\/\/www.poseidoncalella.com\/ca\/alguns-exercicis-per-a-millora-la-teva-apnea-a-calella-de-palafrugell\/"]}]},{"@type":"ImageObject","inLanguage":"es-CA","@id":"https:\/\/www.poseidoncalella.com\/ca\/alguns-exercicis-per-a-millora-la-teva-apnea-a-calella-de-palafrugell\/#primaryimage","url":"https:\/\/www.poseidoncalella.com\/wordpress2\/wp-content\/uploads\/2021\/06\/poseidon-algunos-ejercicios-para-mejora-tu-apnea-en-calella-de-palafrugell.jpg","contentUrl":"https:\/\/www.poseidoncalella.com\/wordpress2\/wp-content\/uploads\/2021\/06\/poseidon-algunos-ejercicios-para-mejora-tu-apnea-en-calella-de-palafrugell.jpg","width":1000,"height":750},{"@type":"BreadcrumbList","@id":"https:\/\/www.poseidoncalella.com\/ca\/alguns-exercicis-per-a-millora-la-teva-apnea-a-calella-de-palafrugell\/#breadcrumb","itemListElement":[{"@type":"ListItem","position":1,"name":"Portada","item":"https:\/\/www.poseidoncalella.com\/ca\/"},{"@type":"ListItem","position":2,"name":"Alguns exercicis per a millora la teva apnea a Calella de Palafrugell"}]},{"@type":"WebSite","@id":"https:\/\/www.poseidoncalella.com\/#website","url":"https:\/\/www.poseidoncalella.com\/","name":"Poseidon Calella","description":"Centre de busseig situat a Palafrugell, a la Costa Brava","publisher":{"@id":"https:\/\/www.poseidoncalella.com\/#organization"},"potentialAction":[{"@type":"SearchAction","target":{"@type":"EntryPoint","urlTemplate":"https:\/\/www.poseidoncalella.com\/?s={search_term_string}"},"query-input":"required name=search_term_string"}],"inLanguage":"es-CA"},{"@type":"Organization","@id":"https:\/\/www.poseidoncalella.com\/#organization","name":"Poseidon Diving","alternateName":"Poseidon Calella","url":"https:\/\/www.poseidoncalella.com\/","logo":{"@type":"ImageObject","inLanguage":"es-CA","@id":"https:\/\/www.poseidoncalella.com\/#\/schema\/logo\/image\/","url":"https:\/\/www.poseidoncalella.com\/wordpress2\/wp-content\/uploads\/2021\/06\/cropped-favicon-1-180x180-1.png","contentUrl":"https:\/\/www.poseidoncalella.com\/wordpress2\/wp-content\/uploads\/2021\/06\/cropped-favicon-1-180x180-1.png","width":180,"height":180,"caption":"Poseidon Diving"},"image":{"@id":"https:\/\/www.poseidoncalella.com\/#\/schema\/logo\/image\/"},"sameAs":["https:\/\/www.facebook.com\/Poseidon.Calella","https:\/\/www.instagram.com\/poseidoncostabrava\/"]},{"@type":"Person","@id":"https:\/\/www.poseidoncalella.com\/#\/schema\/person\/ce8d51a45783d9707ef6e9fafd6c9c24","name":"gmcd","image":{"@type":"ImageObject","inLanguage":"es-CA","@id":"https:\/\/www.poseidoncalella.com\/#\/schema\/person\/image\/","url":"https:\/\/secure.gravatar.com\/avatar\/304131056b498676612e689bad60e29ba3233997948b9c963f6886ac23b02bb1?s=96&d=mm&r=g","contentUrl":"https:\/\/secure.gravatar.com\/avatar\/304131056b498676612e689bad60e29ba3233997948b9c963f6886ac23b02bb1?s=96&d=mm&r=g","caption":"gmcd"},"sameAs":["https:\/\/www.poseidoncalella.com\/wordpress2"],"url":"https:\/\/www.poseidoncalella.com\/ca\/author\/gmcd\/"}]}},"_links":{"self":[{"href":"https:\/\/www.poseidoncalella.com\/ca\/wp-json\/wp\/v2\/posts\/3649","targetHints":{"allow":["GET"]}}],"collection":[{"href":"https:\/\/www.poseidoncalella.com\/ca\/wp-json\/wp\/v2\/posts"}],"about":[{"href":"https:\/\/www.poseidoncalella.com\/ca\/wp-json\/wp\/v2\/types\/post"}],"author":[{"embeddable":true,"href":"https:\/\/www.poseidoncalella.com\/ca\/wp-json\/wp\/v2\/users\/1"}],"replies":[{"embeddable":true,"href":"https:\/\/www.poseidoncalella.com\/ca\/wp-json\/wp\/v2\/comments?post=3649"}],"version-history":[{"count":0,"href":"https:\/\/www.poseidoncalella.com\/ca\/wp-json\/wp\/v2\/posts\/3649\/revisions"}],"wp:featuredmedia":[{"embeddable":true,"href":"https:\/\/www.poseidoncalella.com\/ca\/wp-json\/wp\/v2\/media\/3447"}],"wp:attachment":[{"href":"https:\/\/www.poseidoncalella.com\/ca\/wp-json\/wp\/v2\/media?parent=3649"}],"wp:term":[{"taxonomy":"category","embeddable":true,"href":"https:\/\/www.poseidoncalella.com\/ca\/wp-json\/wp\/v2\/categories?post=3649"},{"taxonomy":"post_tag","embeddable":true,"href":"https:\/\/www.poseidoncalella.com\/ca\/wp-json\/wp\/v2\/tags?post=3649"}],"curies":[{"name":"wp","href":"https:\/\/api.w.org\/{rel}","templated":true}]}}