{"id":3640,"date":"2021-06-02T13:32:26","date_gmt":"2021-06-02T11:32:26","guid":{"rendered":"https:\/\/www.poseidoncalella.com\/wordpress2\/que-la-miopia-no-et-tiri-per-terra-els-esports-subaquatics-a-calella-de-palafrugell\/"},"modified":"2021-06-02T13:32:26","modified_gmt":"2021-06-02T11:32:26","slug":"que-la-miopia-no-et-tiri-per-terra-els-esports-subaquatics-a-calella-de-palafrugell","status":"publish","type":"post","link":"https:\/\/www.poseidoncalella.com\/ca\/que-la-miopia-no-et-tiri-per-terra-els-esports-subaquatics-a-calella-de-palafrugell\/","title":{"rendered":"Que la miopia no et tiri per terra els esports subaq\u00fc\u00e0tics a Calella de Palafrugell"},"content":{"rendered":"<p>Som molts els que, per desgr\u00e0cia, patim de miopia i aix\u00f2 significa que tenim certs impediments respecte al que no la t\u00e9&#8230; com per exemple l&#8217;\u00fas d&#8217;ulleres, en certes situacions aquestes s&#8217;entelen, problemes a l&#8217;hora d&#8217;utilitzar cascs o, en el cas que ens ocupa avui, quan vols practicar esports subaq\u00fc\u00e0tics en alguna de les platges de Calella de Palafrugell, Llafranc o Tamariu.<\/p>\n<h3>Qu\u00e8 \u00e9s realment la miopia?<\/h3>\n<p>Per definici\u00f3, la miopia \u00e9s un defecte de la visi\u00f3 que consisteix que els raigs lluminosos que procedeixen dels objectes que estan a una certa dist\u00e0ncia de l&#8217;ull focalitzen en un punt anterior a la retina, amb el que els miops, no veuen b\u00e9 des de lluny.<\/p>\n<p>Aix\u00ed que si ja est\u00e0s posat en el m\u00f3n dels esports subaq\u00fc\u00e0tics, no pateixis per no poder gaudir de tots i cadascun dels detalls que el fons mar\u00ed ens ofereix.<\/p>\n<p>Normalment comen\u00e7a quan notes que has de for\u00e7ar molt la vista per a veure objectes des de lluny, en el cas de nens petits se sol trobar quan han de mirar la pissarra. Llavors \u00e9s quan vas a la temuda visita a l&#8217;oculista i et diuen que has de portar ulleres per a recuperar la vista&#8230; fins que et capbusses en l&#8217;aigua i tornes a notar aquesta p\u00e8rdua de visi\u00f3 que no et deixa apreciar les meravelles del llit mar\u00ed. Per\u00f2, hi ha solucions? \u00c9s clar!<\/p>\n<p>Us oferim 3 opcions perfectes per a tornar a gaudir de tots aquests tresors marins:<\/p>\n<ul>\n<li><strong>M\u00e0scares graduades<\/strong>: S\u00ed, existeix l&#8217;opci\u00f3 de graduar-se unes ulleres de busseig per a ser el m\u00e9s chic de les platges de Calella de Palafrugell. Consulta amb la teva \u00f2ptica de confian\u00e7a perqu\u00e8 t&#8217;aconsellin de la millor forma.<\/li>\n<li><strong>Lents de contacte<\/strong>: Aquesta sol ser la primera opci\u00f3 per a tots. Simplement has d&#8217;anar a la teva \u00f2ptica per a informar-te, no solen donar problema i \u00e9s la soluci\u00f3 m\u00e9s r\u00e0pida i senzilla per\u00f2 aix\u00f2 s\u00ed, informa&#8217;t b\u00e9 primer!<\/li>\n<li><strong>Ulleres easybreath<\/strong>: Recentment hem descobert que a Decathlon van treure un model molt guai d&#8217;ulleres que es diuen easybreath que, a m\u00e9s de les bondats del producte que podreu veure en viu i en directe quan les vegeu, permeten comprar la lent de l&#8217;ull esquerre i la de l&#8217;ull dret per separat amb la graduaci\u00f3 que necessiti cada ull. Totes dues lents s&#8217;uneixen i s&#8217;adhereixen al vidre principal de la easybreath. Permeten graduacions de 0 a -6 encara que no serveixen per a l&#8217;astigmatisme.<\/li>\n<\/ul>\n<p>Perfecte, veritat? Ja no tens excusa per a gaudir dels nostres oceans, mars i platges, sobretot les de Calella de Palafrugell.<\/p>\n","protected":false},"excerpt":{"rendered":"<p>Som molts els que, per desgr\u00e0cia, patim de miopia i aix\u00f2 significa que tenim certs impediments respecte al que no la t\u00e9&#8230; com per exemple [&hellip;]<\/p>\n","protected":false},"author":1,"featured_media":3393,"comment_status":"open","ping_status":"open","sticky":false,"template":"","format":"standard","meta":{"footnotes":""},"categories":[],"tags":[],"class_list":["post-3640","post","type-post","status-publish","format-standard","has-post-thumbnail","hentry"],"yoast_head":"<!-- This site is optimized with the Yoast SEO plugin v22.4 - https:\/\/yoast.com\/wordpress\/plugins\/seo\/ -->\n<title>Que la miopia no et tiri per terra els esports subaq\u00fc\u00e0tics a Calella de Palafrugell - Poseidon Calella<\/title>\n<meta name=\"robots\" content=\"index, follow, max-snippet:-1, max-image-preview:large, max-video-preview:-1\" \/>\n<link rel=\"canonical\" href=\"https:\/\/www.poseidoncalella.com\/ca\/que-la-miopia-no-et-tiri-per-terra-els-esports-subaquatics-a-calella-de-palafrugell\/\" \/>\n<meta property=\"og:locale\" content=\"es_ES\" \/>\n<meta property=\"og:type\" content=\"article\" \/>\n<meta property=\"og:title\" content=\"Que la miopia no et tiri per terra els esports subaq\u00fc\u00e0tics a Calella de Palafrugell - Poseidon Calella\" \/>\n<meta property=\"og:description\" content=\"Som molts els que, per desgr\u00e0cia, patim de miopia i aix\u00f2 significa que tenim certs impediments respecte al que no la t\u00e9&#8230; com per exemple [&hellip;]\" \/>\n<meta property=\"og:url\" content=\"https:\/\/www.poseidoncalella.com\/ca\/que-la-miopia-no-et-tiri-per-terra-els-esports-subaquatics-a-calella-de-palafrugell\/\" \/>\n<meta property=\"og:site_name\" content=\"Poseidon Calella\" \/>\n<meta property=\"article:publisher\" content=\"https:\/\/www.facebook.com\/Poseidon.Calella\" \/>\n<meta property=\"article:published_time\" content=\"2021-06-02T11:32:26+00:00\" \/>\n<meta property=\"og:image\" content=\"https:\/\/www.poseidoncalella.com\/wordpress2\/wp-content\/uploads\/2021\/06\/poseidon-calella-la-miopia-no-te-fastidie-los-deportes-subacuaticos-calella-palafrugell.jpg\" \/>\n\t<meta property=\"og:image:width\" content=\"1000\" \/>\n\t<meta property=\"og:image:height\" content=\"539\" \/>\n\t<meta property=\"og:image:type\" content=\"image\/jpeg\" \/>\n<meta name=\"author\" content=\"gmcd\" \/>\n<meta name=\"twitter:card\" content=\"summary_large_image\" \/>\n<meta name=\"twitter:label1\" content=\"Written by\" \/>\n\t<meta name=\"twitter:data1\" content=\"gmcd\" \/>\n\t<meta name=\"twitter:label2\" content=\"Est. reading time\" \/>\n\t<meta name=\"twitter:data2\" content=\"2 minutes\" \/>\n<script type=\"application\/ld+json\" class=\"yoast-schema-graph\">{\"@context\":\"https:\/\/schema.org\",\"@graph\":[{\"@type\":\"Article\",\"@id\":\"https:\/\/www.poseidoncalella.com\/ca\/que-la-miopia-no-et-tiri-per-terra-els-esports-subaquatics-a-calella-de-palafrugell\/#article\",\"isPartOf\":{\"@id\":\"https:\/\/www.poseidoncalella.com\/ca\/que-la-miopia-no-et-tiri-per-terra-els-esports-subaquatics-a-calella-de-palafrugell\/\"},\"author\":{\"name\":\"gmcd\",\"@id\":\"https:\/\/www.poseidoncalella.com\/#\/schema\/person\/ce8d51a45783d9707ef6e9fafd6c9c24\"},\"headline\":\"Que la miopia no et tiri per terra els esports subaq\u00fc\u00e0tics a Calella de Palafrugell\",\"datePublished\":\"2021-06-02T11:32:26+00:00\",\"dateModified\":\"2021-06-02T11:32:26+00:00\",\"mainEntityOfPage\":{\"@id\":\"https:\/\/www.poseidoncalella.com\/ca\/que-la-miopia-no-et-tiri-per-terra-els-esports-subaquatics-a-calella-de-palafrugell\/\"},\"wordCount\":457,\"commentCount\":0,\"publisher\":{\"@id\":\"https:\/\/www.poseidoncalella.com\/#organization\"},\"image\":{\"@id\":\"https:\/\/www.poseidoncalella.com\/ca\/que-la-miopia-no-et-tiri-per-terra-els-esports-subaquatics-a-calella-de-palafrugell\/#primaryimage\"},\"thumbnailUrl\":\"https:\/\/www.poseidoncalella.com\/wordpress2\/wp-content\/uploads\/2021\/06\/poseidon-calella-la-miopia-no-te-fastidie-los-deportes-subacuaticos-calella-palafrugell.jpg\",\"inLanguage\":\"es-CA\",\"potentialAction\":[{\"@type\":\"CommentAction\",\"name\":\"Comment\",\"target\":[\"https:\/\/www.poseidoncalella.com\/ca\/que-la-miopia-no-et-tiri-per-terra-els-esports-subaquatics-a-calella-de-palafrugell\/#respond\"]}]},{\"@type\":\"WebPage\",\"@id\":\"https:\/\/www.poseidoncalella.com\/ca\/que-la-miopia-no-et-tiri-per-terra-els-esports-subaquatics-a-calella-de-palafrugell\/\",\"url\":\"https:\/\/www.poseidoncalella.com\/ca\/que-la-miopia-no-et-tiri-per-terra-els-esports-subaquatics-a-calella-de-palafrugell\/\",\"name\":\"Que la miopia no et tiri per terra els esports subaq\u00fc\u00e0tics a Calella de Palafrugell - Poseidon Calella\",\"isPartOf\":{\"@id\":\"https:\/\/www.poseidoncalella.com\/#website\"},\"primaryImageOfPage\":{\"@id\":\"https:\/\/www.poseidoncalella.com\/ca\/que-la-miopia-no-et-tiri-per-terra-els-esports-subaquatics-a-calella-de-palafrugell\/#primaryimage\"},\"image\":{\"@id\":\"https:\/\/www.poseidoncalella.com\/ca\/que-la-miopia-no-et-tiri-per-terra-els-esports-subaquatics-a-calella-de-palafrugell\/#primaryimage\"},\"thumbnailUrl\":\"https:\/\/www.poseidoncalella.com\/wordpress2\/wp-content\/uploads\/2021\/06\/poseidon-calella-la-miopia-no-te-fastidie-los-deportes-subacuaticos-calella-palafrugell.jpg\",\"datePublished\":\"2021-06-02T11:32:26+00:00\",\"dateModified\":\"2021-06-02T11:32:26+00:00\",\"breadcrumb\":{\"@id\":\"https:\/\/www.poseidoncalella.com\/ca\/que-la-miopia-no-et-tiri-per-terra-els-esports-subaquatics-a-calella-de-palafrugell\/#breadcrumb\"},\"inLanguage\":\"es-CA\",\"potentialAction\":[{\"@type\":\"ReadAction\",\"target\":[\"https:\/\/www.poseidoncalella.com\/ca\/que-la-miopia-no-et-tiri-per-terra-els-esports-subaquatics-a-calella-de-palafrugell\/\"]}]},{\"@type\":\"ImageObject\",\"inLanguage\":\"es-CA\",\"@id\":\"https:\/\/www.poseidoncalella.com\/ca\/que-la-miopia-no-et-tiri-per-terra-els-esports-subaquatics-a-calella-de-palafrugell\/#primaryimage\",\"url\":\"https:\/\/www.poseidoncalella.com\/wordpress2\/wp-content\/uploads\/2021\/06\/poseidon-calella-la-miopia-no-te-fastidie-los-deportes-subacuaticos-calella-palafrugell.jpg\",\"contentUrl\":\"https:\/\/www.poseidoncalella.com\/wordpress2\/wp-content\/uploads\/2021\/06\/poseidon-calella-la-miopia-no-te-fastidie-los-deportes-subacuaticos-calella-palafrugell.jpg\",\"width\":1000,\"height\":539},{\"@type\":\"BreadcrumbList\",\"@id\":\"https:\/\/www.poseidoncalella.com\/ca\/que-la-miopia-no-et-tiri-per-terra-els-esports-subaquatics-a-calella-de-palafrugell\/#breadcrumb\",\"itemListElement\":[{\"@type\":\"ListItem\",\"position\":1,\"name\":\"Portada\",\"item\":\"https:\/\/www.poseidoncalella.com\/ca\/\"},{\"@type\":\"ListItem\",\"position\":2,\"name\":\"Que la miopia no et tiri per terra els esports subaq\u00fc\u00e0tics a Calella de Palafrugell\"}]},{\"@type\":\"WebSite\",\"@id\":\"https:\/\/www.poseidoncalella.com\/#website\",\"url\":\"https:\/\/www.poseidoncalella.com\/\",\"name\":\"Poseidon Calella\",\"description\":\"Centre de busseig situat a Palafrugell, a la Costa Brava\",\"publisher\":{\"@id\":\"https:\/\/www.poseidoncalella.com\/#organization\"},\"potentialAction\":[{\"@type\":\"SearchAction\",\"target\":{\"@type\":\"EntryPoint\",\"urlTemplate\":\"https:\/\/www.poseidoncalella.com\/?s={search_term_string}\"},\"query-input\":\"required name=search_term_string\"}],\"inLanguage\":\"es-CA\"},{\"@type\":\"Organization\",\"@id\":\"https:\/\/www.poseidoncalella.com\/#organization\",\"name\":\"Poseidon Diving\",\"alternateName\":\"Poseidon Calella\",\"url\":\"https:\/\/www.poseidoncalella.com\/\",\"logo\":{\"@type\":\"ImageObject\",\"inLanguage\":\"es-CA\",\"@id\":\"https:\/\/www.poseidoncalella.com\/#\/schema\/logo\/image\/\",\"url\":\"https:\/\/www.poseidoncalella.com\/wordpress2\/wp-content\/uploads\/2021\/06\/cropped-favicon-1-180x180-1.png\",\"contentUrl\":\"https:\/\/www.poseidoncalella.com\/wordpress2\/wp-content\/uploads\/2021\/06\/cropped-favicon-1-180x180-1.png\",\"width\":180,\"height\":180,\"caption\":\"Poseidon Diving\"},\"image\":{\"@id\":\"https:\/\/www.poseidoncalella.com\/#\/schema\/logo\/image\/\"},\"sameAs\":[\"https:\/\/www.facebook.com\/Poseidon.Calella\",\"https:\/\/www.instagram.com\/poseidoncostabrava\/\"]},{\"@type\":\"Person\",\"@id\":\"https:\/\/www.poseidoncalella.com\/#\/schema\/person\/ce8d51a45783d9707ef6e9fafd6c9c24\",\"name\":\"gmcd\",\"image\":{\"@type\":\"ImageObject\",\"inLanguage\":\"es-CA\",\"@id\":\"https:\/\/www.poseidoncalella.com\/#\/schema\/person\/image\/\",\"url\":\"https:\/\/secure.gravatar.com\/avatar\/304131056b498676612e689bad60e29ba3233997948b9c963f6886ac23b02bb1?s=96&d=mm&r=g\",\"contentUrl\":\"https:\/\/secure.gravatar.com\/avatar\/304131056b498676612e689bad60e29ba3233997948b9c963f6886ac23b02bb1?s=96&d=mm&r=g\",\"caption\":\"gmcd\"},\"sameAs\":[\"https:\/\/www.poseidoncalella.com\/wordpress2\"],\"url\":\"https:\/\/www.poseidoncalella.com\/ca\/author\/gmcd\/\"}]}<\/script>\n<!-- \/ Yoast SEO plugin. -->","yoast_head_json":{"title":"Que la miopia no et tiri per terra els esports subaq\u00fc\u00e0tics a Calella de Palafrugell - Poseidon Calella","robots":{"index":"index","follow":"follow","max-snippet":"max-snippet:-1","max-image-preview":"max-image-preview:large","max-video-preview":"max-video-preview:-1"},"canonical":"https:\/\/www.poseidoncalella.com\/ca\/que-la-miopia-no-et-tiri-per-terra-els-esports-subaquatics-a-calella-de-palafrugell\/","og_locale":"es_ES","og_type":"article","og_title":"Que la miopia no et tiri per terra els esports subaq\u00fc\u00e0tics a Calella de Palafrugell - Poseidon Calella","og_description":"Som molts els que, per desgr\u00e0cia, patim de miopia i aix\u00f2 significa que tenim certs impediments respecte al que no la t\u00e9&#8230; com per exemple [&hellip;]","og_url":"https:\/\/www.poseidoncalella.com\/ca\/que-la-miopia-no-et-tiri-per-terra-els-esports-subaquatics-a-calella-de-palafrugell\/","og_site_name":"Poseidon Calella","article_publisher":"https:\/\/www.facebook.com\/Poseidon.Calella","article_published_time":"2021-06-02T11:32:26+00:00","og_image":[{"width":1000,"height":539,"url":"https:\/\/www.poseidoncalella.com\/wordpress2\/wp-content\/uploads\/2021\/06\/poseidon-calella-la-miopia-no-te-fastidie-los-deportes-subacuaticos-calella-palafrugell.jpg","type":"image\/jpeg"}],"author":"gmcd","twitter_card":"summary_large_image","twitter_misc":{"Written by":"gmcd","Est. reading time":"2 minutes"},"schema":{"@context":"https:\/\/schema.org","@graph":[{"@type":"Article","@id":"https:\/\/www.poseidoncalella.com\/ca\/que-la-miopia-no-et-tiri-per-terra-els-esports-subaquatics-a-calella-de-palafrugell\/#article","isPartOf":{"@id":"https:\/\/www.poseidoncalella.com\/ca\/que-la-miopia-no-et-tiri-per-terra-els-esports-subaquatics-a-calella-de-palafrugell\/"},"author":{"name":"gmcd","@id":"https:\/\/www.poseidoncalella.com\/#\/schema\/person\/ce8d51a45783d9707ef6e9fafd6c9c24"},"headline":"Que la miopia no et tiri per terra els esports subaq\u00fc\u00e0tics a Calella de Palafrugell","datePublished":"2021-06-02T11:32:26+00:00","dateModified":"2021-06-02T11:32:26+00:00","mainEntityOfPage":{"@id":"https:\/\/www.poseidoncalella.com\/ca\/que-la-miopia-no-et-tiri-per-terra-els-esports-subaquatics-a-calella-de-palafrugell\/"},"wordCount":457,"commentCount":0,"publisher":{"@id":"https:\/\/www.poseidoncalella.com\/#organization"},"image":{"@id":"https:\/\/www.poseidoncalella.com\/ca\/que-la-miopia-no-et-tiri-per-terra-els-esports-subaquatics-a-calella-de-palafrugell\/#primaryimage"},"thumbnailUrl":"https:\/\/www.poseidoncalella.com\/wordpress2\/wp-content\/uploads\/2021\/06\/poseidon-calella-la-miopia-no-te-fastidie-los-deportes-subacuaticos-calella-palafrugell.jpg","inLanguage":"es-CA","potentialAction":[{"@type":"CommentAction","name":"Comment","target":["https:\/\/www.poseidoncalella.com\/ca\/que-la-miopia-no-et-tiri-per-terra-els-esports-subaquatics-a-calella-de-palafrugell\/#respond"]}]},{"@type":"WebPage","@id":"https:\/\/www.poseidoncalella.com\/ca\/que-la-miopia-no-et-tiri-per-terra-els-esports-subaquatics-a-calella-de-palafrugell\/","url":"https:\/\/www.poseidoncalella.com\/ca\/que-la-miopia-no-et-tiri-per-terra-els-esports-subaquatics-a-calella-de-palafrugell\/","name":"Que la miopia no et tiri per terra els esports subaq\u00fc\u00e0tics a Calella de Palafrugell - Poseidon Calella","isPartOf":{"@id":"https:\/\/www.poseidoncalella.com\/#website"},"primaryImageOfPage":{"@id":"https:\/\/www.poseidoncalella.com\/ca\/que-la-miopia-no-et-tiri-per-terra-els-esports-subaquatics-a-calella-de-palafrugell\/#primaryimage"},"image":{"@id":"https:\/\/www.poseidoncalella.com\/ca\/que-la-miopia-no-et-tiri-per-terra-els-esports-subaquatics-a-calella-de-palafrugell\/#primaryimage"},"thumbnailUrl":"https:\/\/www.poseidoncalella.com\/wordpress2\/wp-content\/uploads\/2021\/06\/poseidon-calella-la-miopia-no-te-fastidie-los-deportes-subacuaticos-calella-palafrugell.jpg","datePublished":"2021-06-02T11:32:26+00:00","dateModified":"2021-06-02T11:32:26+00:00","breadcrumb":{"@id":"https:\/\/www.poseidoncalella.com\/ca\/que-la-miopia-no-et-tiri-per-terra-els-esports-subaquatics-a-calella-de-palafrugell\/#breadcrumb"},"inLanguage":"es-CA","potentialAction":[{"@type":"ReadAction","target":["https:\/\/www.poseidoncalella.com\/ca\/que-la-miopia-no-et-tiri-per-terra-els-esports-subaquatics-a-calella-de-palafrugell\/"]}]},{"@type":"ImageObject","inLanguage":"es-CA","@id":"https:\/\/www.poseidoncalella.com\/ca\/que-la-miopia-no-et-tiri-per-terra-els-esports-subaquatics-a-calella-de-palafrugell\/#primaryimage","url":"https:\/\/www.poseidoncalella.com\/wordpress2\/wp-content\/uploads\/2021\/06\/poseidon-calella-la-miopia-no-te-fastidie-los-deportes-subacuaticos-calella-palafrugell.jpg","contentUrl":"https:\/\/www.poseidoncalella.com\/wordpress2\/wp-content\/uploads\/2021\/06\/poseidon-calella-la-miopia-no-te-fastidie-los-deportes-subacuaticos-calella-palafrugell.jpg","width":1000,"height":539},{"@type":"BreadcrumbList","@id":"https:\/\/www.poseidoncalella.com\/ca\/que-la-miopia-no-et-tiri-per-terra-els-esports-subaquatics-a-calella-de-palafrugell\/#breadcrumb","itemListElement":[{"@type":"ListItem","position":1,"name":"Portada","item":"https:\/\/www.poseidoncalella.com\/ca\/"},{"@type":"ListItem","position":2,"name":"Que la miopia no et tiri per terra els esports subaq\u00fc\u00e0tics a Calella de Palafrugell"}]},{"@type":"WebSite","@id":"https:\/\/www.poseidoncalella.com\/#website","url":"https:\/\/www.poseidoncalella.com\/","name":"Poseidon Calella","description":"Centre de busseig situat a Palafrugell, a la Costa Brava","publisher":{"@id":"https:\/\/www.poseidoncalella.com\/#organization"},"potentialAction":[{"@type":"SearchAction","target":{"@type":"EntryPoint","urlTemplate":"https:\/\/www.poseidoncalella.com\/?s={search_term_string}"},"query-input":"required name=search_term_string"}],"inLanguage":"es-CA"},{"@type":"Organization","@id":"https:\/\/www.poseidoncalella.com\/#organization","name":"Poseidon Diving","alternateName":"Poseidon Calella","url":"https:\/\/www.poseidoncalella.com\/","logo":{"@type":"ImageObject","inLanguage":"es-CA","@id":"https:\/\/www.poseidoncalella.com\/#\/schema\/logo\/image\/","url":"https:\/\/www.poseidoncalella.com\/wordpress2\/wp-content\/uploads\/2021\/06\/cropped-favicon-1-180x180-1.png","contentUrl":"https:\/\/www.poseidoncalella.com\/wordpress2\/wp-content\/uploads\/2021\/06\/cropped-favicon-1-180x180-1.png","width":180,"height":180,"caption":"Poseidon Diving"},"image":{"@id":"https:\/\/www.poseidoncalella.com\/#\/schema\/logo\/image\/"},"sameAs":["https:\/\/www.facebook.com\/Poseidon.Calella","https:\/\/www.instagram.com\/poseidoncostabrava\/"]},{"@type":"Person","@id":"https:\/\/www.poseidoncalella.com\/#\/schema\/person\/ce8d51a45783d9707ef6e9fafd6c9c24","name":"gmcd","image":{"@type":"ImageObject","inLanguage":"es-CA","@id":"https:\/\/www.poseidoncalella.com\/#\/schema\/person\/image\/","url":"https:\/\/secure.gravatar.com\/avatar\/304131056b498676612e689bad60e29ba3233997948b9c963f6886ac23b02bb1?s=96&d=mm&r=g","contentUrl":"https:\/\/secure.gravatar.com\/avatar\/304131056b498676612e689bad60e29ba3233997948b9c963f6886ac23b02bb1?s=96&d=mm&r=g","caption":"gmcd"},"sameAs":["https:\/\/www.poseidoncalella.com\/wordpress2"],"url":"https:\/\/www.poseidoncalella.com\/ca\/author\/gmcd\/"}]}},"_links":{"self":[{"href":"https:\/\/www.poseidoncalella.com\/ca\/wp-json\/wp\/v2\/posts\/3640","targetHints":{"allow":["GET"]}}],"collection":[{"href":"https:\/\/www.poseidoncalella.com\/ca\/wp-json\/wp\/v2\/posts"}],"about":[{"href":"https:\/\/www.poseidoncalella.com\/ca\/wp-json\/wp\/v2\/types\/post"}],"author":[{"embeddable":true,"href":"https:\/\/www.poseidoncalella.com\/ca\/wp-json\/wp\/v2\/users\/1"}],"replies":[{"embeddable":true,"href":"https:\/\/www.poseidoncalella.com\/ca\/wp-json\/wp\/v2\/comments?post=3640"}],"version-history":[{"count":0,"href":"https:\/\/www.poseidoncalella.com\/ca\/wp-json\/wp\/v2\/posts\/3640\/revisions"}],"wp:featuredmedia":[{"embeddable":true,"href":"https:\/\/www.poseidoncalella.com\/ca\/wp-json\/wp\/v2\/media\/3393"}],"wp:attachment":[{"href":"https:\/\/www.poseidoncalella.com\/ca\/wp-json\/wp\/v2\/media?parent=3640"}],"wp:term":[{"taxonomy":"category","embeddable":true,"href":"https:\/\/www.poseidoncalella.com\/ca\/wp-json\/wp\/v2\/categories?post=3640"},{"taxonomy":"post_tag","embeddable":true,"href":"https:\/\/www.poseidoncalella.com\/ca\/wp-json\/wp\/v2\/tags?post=3640"}],"curies":[{"name":"wp","href":"https:\/\/api.w.org\/{rel}","templated":true}]}}