{"id":3637,"date":"2021-06-02T13:32:24","date_gmt":"2021-06-02T11:32:24","guid":{"rendered":"https:\/\/www.poseidoncalella.com\/wordpress2\/bussejant-a-la-platja-de-llafranc-a-palafrugell-et-molesta-el-pel\/"},"modified":"2021-06-02T13:32:24","modified_gmt":"2021-06-02T11:32:24","slug":"bussejant-a-la-platja-de-llafranc-a-palafrugell-et-molesta-el-pel","status":"publish","type":"post","link":"https:\/\/www.poseidoncalella.com\/ca\/bussejant-a-la-platja-de-llafranc-a-palafrugell-et-molesta-el-pel\/","title":{"rendered":"Bussejant a la platja de Llafranc a Palafrugell et molesta el p\u00e8l?"},"content":{"rendered":"<p>Moltes vegades les persones amb els cabells llargs es pregunten si \u00e9s incompatible els cabells llargs i el busseig per\u00f2 al resposta, rotundament, \u00e9s NO. Continua llegint i podr\u00e0s continuar bussejant amb els cabells llargs sense problemes \ud83d\ude42<\/p>\n<h3>Neoprens antics a Girona<\/h3>\n<p>Antigament, en els 90, existien aquells neoprens encartonats que dificultaven la pr\u00e0ctica de busseig: Et donaves estirades sense parar i sempre fallava alguna cosa a la visi\u00f3 perqu\u00e8 un floc es colava en la teva cara impedint-te veure b\u00e9, per no parlar d&#8217;aquesta escena tan graciosa de sortir de l&#8217;aigua amb tot el p\u00e8l en la cara, com si un pop s&#8217;hagu\u00e9s enganxat al teu cap.<\/p>\n<p>No molestar\u00e0 \u00fanicament la visi\u00f3, tamb\u00e9 a l&#8217;estanquitat de la m\u00e0scara de busseig que usis\u00a0a Llafranc (Palafrugell).<\/p>\n<h3>Consells sense caputxa a Llafranc<\/h3>\n<p>Si la teva m\u00e0scara \u00e9s prou nova, potser el problema l&#8217;has solucionat ja perqu\u00e8 moltes de gamma b\u00e0sica ja v\u00e9nen amb la tira de neopr\u00e8 que ve a substituir l&#8217;antiga tira de silicona que tantes estirades de p\u00e8l donava.<\/p>\n<p>Si la teva m\u00e0scara \u00e9s de les habituals de tota la vida amb la tira de silicona, podr\u00e0s trobar una esp\u00e8cie de\u00a0funda de neopr\u00e8 que han estat pensades per a cobrir la tira de les ulleres, aix\u00ed que posant la funda t&#8217;oblides de les estirades en el p\u00e8l.<\/p>\n<p>Amb aquesta funda solucionem les estirades per\u00f2 no encara la visibilitat en la m\u00e0scara podent-te perdre alguna de les meravelles del fons mar\u00ed de Llafranc (Girona). El truc per a evitar el p\u00e8l en la m\u00e0scara no pot ser m\u00e9s senzill: Fes-te una trena i s&#8217;ha acabat, aix\u00ed de simple.<\/p>\n<h3>Consells amb caputxa de neopr\u00e8 a Llafranc<\/h3>\n<p>Hi ha diferents opcions que poden encaixar-te millor o pitjor com usar un capell de nataci\u00f3 de tela o de silicona, orquilles en el p\u00e8l, per\u00f2 la millor soluci\u00f3 \u00e9s fer-te una cua baixa i treure-la pel coll del neopr\u00e8. Si vols que tot quedi millor recollit, fes-te una trena.<\/p>\n<p>En \u00faltima inst\u00e0ncia, sempre ser\u00e0s a temps de fer un forat en la caputxa de neopr\u00e8 a l&#8217;altura del clatell i aix\u00ed poder treure la trena per aqu\u00ed, evitant que t&#8217;entre aigua pel coll. Recorda, en aquesta opci\u00f3, fer el forat de forma circular perqu\u00e8 no hi hagi cap zona feble on pugui estripar-se i fotre el neopr\u00e8.<\/p>\n","protected":false},"excerpt":{"rendered":"<p>Moltes vegades les persones amb els cabells llargs es pregunten si \u00e9s incompatible els cabells llargs i el busseig per\u00f2 al resposta, rotundament, \u00e9s NO. [&hellip;]<\/p>\n","protected":false},"author":1,"featured_media":3375,"comment_status":"open","ping_status":"open","sticky":false,"template":"","format":"standard","meta":{"footnotes":""},"categories":[],"tags":[],"class_list":["post-3637","post","type-post","status-publish","format-standard","has-post-thumbnail","hentry"],"yoast_head":"<!-- This site is optimized with the Yoast SEO plugin v22.4 - https:\/\/yoast.com\/wordpress\/plugins\/seo\/ -->\n<title>Bussejant a la platja de Llafranc a Palafrugell et molesta el p\u00e8l? - Poseidon Calella<\/title>\n<meta name=\"robots\" content=\"index, follow, max-snippet:-1, max-image-preview:large, max-video-preview:-1\" \/>\n<link rel=\"canonical\" href=\"https:\/\/www.poseidoncalella.com\/ca\/bussejant-a-la-platja-de-llafranc-a-palafrugell-et-molesta-el-pel\/\" \/>\n<meta property=\"og:locale\" content=\"es_ES\" \/>\n<meta property=\"og:type\" content=\"article\" \/>\n<meta property=\"og:title\" content=\"Bussejant a la platja de Llafranc a Palafrugell et molesta el p\u00e8l? - Poseidon Calella\" \/>\n<meta property=\"og:description\" content=\"Moltes vegades les persones amb els cabells llargs es pregunten si \u00e9s incompatible els cabells llargs i el busseig per\u00f2 al resposta, rotundament, \u00e9s NO. [&hellip;]\" \/>\n<meta property=\"og:url\" content=\"https:\/\/www.poseidoncalella.com\/ca\/bussejant-a-la-platja-de-llafranc-a-palafrugell-et-molesta-el-pel\/\" \/>\n<meta property=\"og:site_name\" content=\"Poseidon Calella\" \/>\n<meta property=\"article:publisher\" content=\"https:\/\/www.facebook.com\/Poseidon.Calella\" \/>\n<meta property=\"article:published_time\" content=\"2021-06-02T11:32:24+00:00\" \/>\n<meta property=\"og:image\" content=\"https:\/\/www.poseidoncalella.com\/wordpress2\/wp-content\/uploads\/2021\/06\/poseidon-calella-buceando-en-la-playa-de-llafranc-en-palafrugell-te-molesta-el-pelo.jpg\" \/>\n\t<meta property=\"og:image:width\" content=\"1000\" \/>\n\t<meta property=\"og:image:height\" content=\"672\" \/>\n\t<meta property=\"og:image:type\" content=\"image\/jpeg\" \/>\n<meta name=\"author\" content=\"gmcd\" \/>\n<meta name=\"twitter:card\" content=\"summary_large_image\" \/>\n<meta name=\"twitter:label1\" content=\"Written by\" \/>\n\t<meta name=\"twitter:data1\" content=\"gmcd\" \/>\n\t<meta name=\"twitter:label2\" content=\"Est. reading time\" \/>\n\t<meta name=\"twitter:data2\" content=\"2 minutes\" \/>\n<script type=\"application\/ld+json\" class=\"yoast-schema-graph\">{\"@context\":\"https:\/\/schema.org\",\"@graph\":[{\"@type\":\"Article\",\"@id\":\"https:\/\/www.poseidoncalella.com\/ca\/bussejant-a-la-platja-de-llafranc-a-palafrugell-et-molesta-el-pel\/#article\",\"isPartOf\":{\"@id\":\"https:\/\/www.poseidoncalella.com\/ca\/bussejant-a-la-platja-de-llafranc-a-palafrugell-et-molesta-el-pel\/\"},\"author\":{\"name\":\"gmcd\",\"@id\":\"https:\/\/www.poseidoncalella.com\/#\/schema\/person\/ce8d51a45783d9707ef6e9fafd6c9c24\"},\"headline\":\"Bussejant a la platja de Llafranc a Palafrugell et molesta el p\u00e8l?\",\"datePublished\":\"2021-06-02T11:32:24+00:00\",\"dateModified\":\"2021-06-02T11:32:24+00:00\",\"mainEntityOfPage\":{\"@id\":\"https:\/\/www.poseidoncalella.com\/ca\/bussejant-a-la-platja-de-llafranc-a-palafrugell-et-molesta-el-pel\/\"},\"wordCount\":415,\"commentCount\":0,\"publisher\":{\"@id\":\"https:\/\/www.poseidoncalella.com\/#organization\"},\"image\":{\"@id\":\"https:\/\/www.poseidoncalella.com\/ca\/bussejant-a-la-platja-de-llafranc-a-palafrugell-et-molesta-el-pel\/#primaryimage\"},\"thumbnailUrl\":\"https:\/\/www.poseidoncalella.com\/wordpress2\/wp-content\/uploads\/2021\/06\/poseidon-calella-buceando-en-la-playa-de-llafranc-en-palafrugell-te-molesta-el-pelo.jpg\",\"inLanguage\":\"es-CA\",\"potentialAction\":[{\"@type\":\"CommentAction\",\"name\":\"Comment\",\"target\":[\"https:\/\/www.poseidoncalella.com\/ca\/bussejant-a-la-platja-de-llafranc-a-palafrugell-et-molesta-el-pel\/#respond\"]}]},{\"@type\":\"WebPage\",\"@id\":\"https:\/\/www.poseidoncalella.com\/ca\/bussejant-a-la-platja-de-llafranc-a-palafrugell-et-molesta-el-pel\/\",\"url\":\"https:\/\/www.poseidoncalella.com\/ca\/bussejant-a-la-platja-de-llafranc-a-palafrugell-et-molesta-el-pel\/\",\"name\":\"Bussejant a la platja de Llafranc a Palafrugell et molesta el p\u00e8l? - Poseidon Calella\",\"isPartOf\":{\"@id\":\"https:\/\/www.poseidoncalella.com\/#website\"},\"primaryImageOfPage\":{\"@id\":\"https:\/\/www.poseidoncalella.com\/ca\/bussejant-a-la-platja-de-llafranc-a-palafrugell-et-molesta-el-pel\/#primaryimage\"},\"image\":{\"@id\":\"https:\/\/www.poseidoncalella.com\/ca\/bussejant-a-la-platja-de-llafranc-a-palafrugell-et-molesta-el-pel\/#primaryimage\"},\"thumbnailUrl\":\"https:\/\/www.poseidoncalella.com\/wordpress2\/wp-content\/uploads\/2021\/06\/poseidon-calella-buceando-en-la-playa-de-llafranc-en-palafrugell-te-molesta-el-pelo.jpg\",\"datePublished\":\"2021-06-02T11:32:24+00:00\",\"dateModified\":\"2021-06-02T11:32:24+00:00\",\"breadcrumb\":{\"@id\":\"https:\/\/www.poseidoncalella.com\/ca\/bussejant-a-la-platja-de-llafranc-a-palafrugell-et-molesta-el-pel\/#breadcrumb\"},\"inLanguage\":\"es-CA\",\"potentialAction\":[{\"@type\":\"ReadAction\",\"target\":[\"https:\/\/www.poseidoncalella.com\/ca\/bussejant-a-la-platja-de-llafranc-a-palafrugell-et-molesta-el-pel\/\"]}]},{\"@type\":\"ImageObject\",\"inLanguage\":\"es-CA\",\"@id\":\"https:\/\/www.poseidoncalella.com\/ca\/bussejant-a-la-platja-de-llafranc-a-palafrugell-et-molesta-el-pel\/#primaryimage\",\"url\":\"https:\/\/www.poseidoncalella.com\/wordpress2\/wp-content\/uploads\/2021\/06\/poseidon-calella-buceando-en-la-playa-de-llafranc-en-palafrugell-te-molesta-el-pelo.jpg\",\"contentUrl\":\"https:\/\/www.poseidoncalella.com\/wordpress2\/wp-content\/uploads\/2021\/06\/poseidon-calella-buceando-en-la-playa-de-llafranc-en-palafrugell-te-molesta-el-pelo.jpg\",\"width\":1000,\"height\":672},{\"@type\":\"BreadcrumbList\",\"@id\":\"https:\/\/www.poseidoncalella.com\/ca\/bussejant-a-la-platja-de-llafranc-a-palafrugell-et-molesta-el-pel\/#breadcrumb\",\"itemListElement\":[{\"@type\":\"ListItem\",\"position\":1,\"name\":\"Portada\",\"item\":\"https:\/\/www.poseidoncalella.com\/ca\/\"},{\"@type\":\"ListItem\",\"position\":2,\"name\":\"Bussejant a la platja de Llafranc a Palafrugell et molesta el p\u00e8l?\"}]},{\"@type\":\"WebSite\",\"@id\":\"https:\/\/www.poseidoncalella.com\/#website\",\"url\":\"https:\/\/www.poseidoncalella.com\/\",\"name\":\"Poseidon Calella\",\"description\":\"Centre de busseig situat a Palafrugell, a la Costa Brava\",\"publisher\":{\"@id\":\"https:\/\/www.poseidoncalella.com\/#organization\"},\"potentialAction\":[{\"@type\":\"SearchAction\",\"target\":{\"@type\":\"EntryPoint\",\"urlTemplate\":\"https:\/\/www.poseidoncalella.com\/?s={search_term_string}\"},\"query-input\":\"required name=search_term_string\"}],\"inLanguage\":\"es-CA\"},{\"@type\":\"Organization\",\"@id\":\"https:\/\/www.poseidoncalella.com\/#organization\",\"name\":\"Poseidon Diving\",\"alternateName\":\"Poseidon Calella\",\"url\":\"https:\/\/www.poseidoncalella.com\/\",\"logo\":{\"@type\":\"ImageObject\",\"inLanguage\":\"es-CA\",\"@id\":\"https:\/\/www.poseidoncalella.com\/#\/schema\/logo\/image\/\",\"url\":\"https:\/\/www.poseidoncalella.com\/wordpress2\/wp-content\/uploads\/2021\/06\/cropped-favicon-1-180x180-1.png\",\"contentUrl\":\"https:\/\/www.poseidoncalella.com\/wordpress2\/wp-content\/uploads\/2021\/06\/cropped-favicon-1-180x180-1.png\",\"width\":180,\"height\":180,\"caption\":\"Poseidon Diving\"},\"image\":{\"@id\":\"https:\/\/www.poseidoncalella.com\/#\/schema\/logo\/image\/\"},\"sameAs\":[\"https:\/\/www.facebook.com\/Poseidon.Calella\",\"https:\/\/www.instagram.com\/poseidoncostabrava\/\"]},{\"@type\":\"Person\",\"@id\":\"https:\/\/www.poseidoncalella.com\/#\/schema\/person\/ce8d51a45783d9707ef6e9fafd6c9c24\",\"name\":\"gmcd\",\"image\":{\"@type\":\"ImageObject\",\"inLanguage\":\"es-CA\",\"@id\":\"https:\/\/www.poseidoncalella.com\/#\/schema\/person\/image\/\",\"url\":\"https:\/\/secure.gravatar.com\/avatar\/304131056b498676612e689bad60e29ba3233997948b9c963f6886ac23b02bb1?s=96&d=mm&r=g\",\"contentUrl\":\"https:\/\/secure.gravatar.com\/avatar\/304131056b498676612e689bad60e29ba3233997948b9c963f6886ac23b02bb1?s=96&d=mm&r=g\",\"caption\":\"gmcd\"},\"sameAs\":[\"https:\/\/www.poseidoncalella.com\/wordpress2\"],\"url\":\"https:\/\/www.poseidoncalella.com\/ca\/author\/gmcd\/\"}]}<\/script>\n<!-- \/ Yoast SEO plugin. -->","yoast_head_json":{"title":"Bussejant a la platja de Llafranc a Palafrugell et molesta el p\u00e8l? - Poseidon Calella","robots":{"index":"index","follow":"follow","max-snippet":"max-snippet:-1","max-image-preview":"max-image-preview:large","max-video-preview":"max-video-preview:-1"},"canonical":"https:\/\/www.poseidoncalella.com\/ca\/bussejant-a-la-platja-de-llafranc-a-palafrugell-et-molesta-el-pel\/","og_locale":"es_ES","og_type":"article","og_title":"Bussejant a la platja de Llafranc a Palafrugell et molesta el p\u00e8l? - Poseidon Calella","og_description":"Moltes vegades les persones amb els cabells llargs es pregunten si \u00e9s incompatible els cabells llargs i el busseig per\u00f2 al resposta, rotundament, \u00e9s NO. [&hellip;]","og_url":"https:\/\/www.poseidoncalella.com\/ca\/bussejant-a-la-platja-de-llafranc-a-palafrugell-et-molesta-el-pel\/","og_site_name":"Poseidon Calella","article_publisher":"https:\/\/www.facebook.com\/Poseidon.Calella","article_published_time":"2021-06-02T11:32:24+00:00","og_image":[{"width":1000,"height":672,"url":"https:\/\/www.poseidoncalella.com\/wordpress2\/wp-content\/uploads\/2021\/06\/poseidon-calella-buceando-en-la-playa-de-llafranc-en-palafrugell-te-molesta-el-pelo.jpg","type":"image\/jpeg"}],"author":"gmcd","twitter_card":"summary_large_image","twitter_misc":{"Written by":"gmcd","Est. reading time":"2 minutes"},"schema":{"@context":"https:\/\/schema.org","@graph":[{"@type":"Article","@id":"https:\/\/www.poseidoncalella.com\/ca\/bussejant-a-la-platja-de-llafranc-a-palafrugell-et-molesta-el-pel\/#article","isPartOf":{"@id":"https:\/\/www.poseidoncalella.com\/ca\/bussejant-a-la-platja-de-llafranc-a-palafrugell-et-molesta-el-pel\/"},"author":{"name":"gmcd","@id":"https:\/\/www.poseidoncalella.com\/#\/schema\/person\/ce8d51a45783d9707ef6e9fafd6c9c24"},"headline":"Bussejant a la platja de Llafranc a Palafrugell et molesta el p\u00e8l?","datePublished":"2021-06-02T11:32:24+00:00","dateModified":"2021-06-02T11:32:24+00:00","mainEntityOfPage":{"@id":"https:\/\/www.poseidoncalella.com\/ca\/bussejant-a-la-platja-de-llafranc-a-palafrugell-et-molesta-el-pel\/"},"wordCount":415,"commentCount":0,"publisher":{"@id":"https:\/\/www.poseidoncalella.com\/#organization"},"image":{"@id":"https:\/\/www.poseidoncalella.com\/ca\/bussejant-a-la-platja-de-llafranc-a-palafrugell-et-molesta-el-pel\/#primaryimage"},"thumbnailUrl":"https:\/\/www.poseidoncalella.com\/wordpress2\/wp-content\/uploads\/2021\/06\/poseidon-calella-buceando-en-la-playa-de-llafranc-en-palafrugell-te-molesta-el-pelo.jpg","inLanguage":"es-CA","potentialAction":[{"@type":"CommentAction","name":"Comment","target":["https:\/\/www.poseidoncalella.com\/ca\/bussejant-a-la-platja-de-llafranc-a-palafrugell-et-molesta-el-pel\/#respond"]}]},{"@type":"WebPage","@id":"https:\/\/www.poseidoncalella.com\/ca\/bussejant-a-la-platja-de-llafranc-a-palafrugell-et-molesta-el-pel\/","url":"https:\/\/www.poseidoncalella.com\/ca\/bussejant-a-la-platja-de-llafranc-a-palafrugell-et-molesta-el-pel\/","name":"Bussejant a la platja de Llafranc a Palafrugell et molesta el p\u00e8l? - Poseidon Calella","isPartOf":{"@id":"https:\/\/www.poseidoncalella.com\/#website"},"primaryImageOfPage":{"@id":"https:\/\/www.poseidoncalella.com\/ca\/bussejant-a-la-platja-de-llafranc-a-palafrugell-et-molesta-el-pel\/#primaryimage"},"image":{"@id":"https:\/\/www.poseidoncalella.com\/ca\/bussejant-a-la-platja-de-llafranc-a-palafrugell-et-molesta-el-pel\/#primaryimage"},"thumbnailUrl":"https:\/\/www.poseidoncalella.com\/wordpress2\/wp-content\/uploads\/2021\/06\/poseidon-calella-buceando-en-la-playa-de-llafranc-en-palafrugell-te-molesta-el-pelo.jpg","datePublished":"2021-06-02T11:32:24+00:00","dateModified":"2021-06-02T11:32:24+00:00","breadcrumb":{"@id":"https:\/\/www.poseidoncalella.com\/ca\/bussejant-a-la-platja-de-llafranc-a-palafrugell-et-molesta-el-pel\/#breadcrumb"},"inLanguage":"es-CA","potentialAction":[{"@type":"ReadAction","target":["https:\/\/www.poseidoncalella.com\/ca\/bussejant-a-la-platja-de-llafranc-a-palafrugell-et-molesta-el-pel\/"]}]},{"@type":"ImageObject","inLanguage":"es-CA","@id":"https:\/\/www.poseidoncalella.com\/ca\/bussejant-a-la-platja-de-llafranc-a-palafrugell-et-molesta-el-pel\/#primaryimage","url":"https:\/\/www.poseidoncalella.com\/wordpress2\/wp-content\/uploads\/2021\/06\/poseidon-calella-buceando-en-la-playa-de-llafranc-en-palafrugell-te-molesta-el-pelo.jpg","contentUrl":"https:\/\/www.poseidoncalella.com\/wordpress2\/wp-content\/uploads\/2021\/06\/poseidon-calella-buceando-en-la-playa-de-llafranc-en-palafrugell-te-molesta-el-pelo.jpg","width":1000,"height":672},{"@type":"BreadcrumbList","@id":"https:\/\/www.poseidoncalella.com\/ca\/bussejant-a-la-platja-de-llafranc-a-palafrugell-et-molesta-el-pel\/#breadcrumb","itemListElement":[{"@type":"ListItem","position":1,"name":"Portada","item":"https:\/\/www.poseidoncalella.com\/ca\/"},{"@type":"ListItem","position":2,"name":"Bussejant a la platja de Llafranc a Palafrugell et molesta el p\u00e8l?"}]},{"@type":"WebSite","@id":"https:\/\/www.poseidoncalella.com\/#website","url":"https:\/\/www.poseidoncalella.com\/","name":"Poseidon Calella","description":"Centre de busseig situat a Palafrugell, a la Costa Brava","publisher":{"@id":"https:\/\/www.poseidoncalella.com\/#organization"},"potentialAction":[{"@type":"SearchAction","target":{"@type":"EntryPoint","urlTemplate":"https:\/\/www.poseidoncalella.com\/?s={search_term_string}"},"query-input":"required name=search_term_string"}],"inLanguage":"es-CA"},{"@type":"Organization","@id":"https:\/\/www.poseidoncalella.com\/#organization","name":"Poseidon Diving","alternateName":"Poseidon Calella","url":"https:\/\/www.poseidoncalella.com\/","logo":{"@type":"ImageObject","inLanguage":"es-CA","@id":"https:\/\/www.poseidoncalella.com\/#\/schema\/logo\/image\/","url":"https:\/\/www.poseidoncalella.com\/wordpress2\/wp-content\/uploads\/2021\/06\/cropped-favicon-1-180x180-1.png","contentUrl":"https:\/\/www.poseidoncalella.com\/wordpress2\/wp-content\/uploads\/2021\/06\/cropped-favicon-1-180x180-1.png","width":180,"height":180,"caption":"Poseidon Diving"},"image":{"@id":"https:\/\/www.poseidoncalella.com\/#\/schema\/logo\/image\/"},"sameAs":["https:\/\/www.facebook.com\/Poseidon.Calella","https:\/\/www.instagram.com\/poseidoncostabrava\/"]},{"@type":"Person","@id":"https:\/\/www.poseidoncalella.com\/#\/schema\/person\/ce8d51a45783d9707ef6e9fafd6c9c24","name":"gmcd","image":{"@type":"ImageObject","inLanguage":"es-CA","@id":"https:\/\/www.poseidoncalella.com\/#\/schema\/person\/image\/","url":"https:\/\/secure.gravatar.com\/avatar\/304131056b498676612e689bad60e29ba3233997948b9c963f6886ac23b02bb1?s=96&d=mm&r=g","contentUrl":"https:\/\/secure.gravatar.com\/avatar\/304131056b498676612e689bad60e29ba3233997948b9c963f6886ac23b02bb1?s=96&d=mm&r=g","caption":"gmcd"},"sameAs":["https:\/\/www.poseidoncalella.com\/wordpress2"],"url":"https:\/\/www.poseidoncalella.com\/ca\/author\/gmcd\/"}]}},"_links":{"self":[{"href":"https:\/\/www.poseidoncalella.com\/ca\/wp-json\/wp\/v2\/posts\/3637","targetHints":{"allow":["GET"]}}],"collection":[{"href":"https:\/\/www.poseidoncalella.com\/ca\/wp-json\/wp\/v2\/posts"}],"about":[{"href":"https:\/\/www.poseidoncalella.com\/ca\/wp-json\/wp\/v2\/types\/post"}],"author":[{"embeddable":true,"href":"https:\/\/www.poseidoncalella.com\/ca\/wp-json\/wp\/v2\/users\/1"}],"replies":[{"embeddable":true,"href":"https:\/\/www.poseidoncalella.com\/ca\/wp-json\/wp\/v2\/comments?post=3637"}],"version-history":[{"count":0,"href":"https:\/\/www.poseidoncalella.com\/ca\/wp-json\/wp\/v2\/posts\/3637\/revisions"}],"wp:featuredmedia":[{"embeddable":true,"href":"https:\/\/www.poseidoncalella.com\/ca\/wp-json\/wp\/v2\/media\/3375"}],"wp:attachment":[{"href":"https:\/\/www.poseidoncalella.com\/ca\/wp-json\/wp\/v2\/media?parent=3637"}],"wp:term":[{"taxonomy":"category","embeddable":true,"href":"https:\/\/www.poseidoncalella.com\/ca\/wp-json\/wp\/v2\/categories?post=3637"},{"taxonomy":"post_tag","embeddable":true,"href":"https:\/\/www.poseidoncalella.com\/ca\/wp-json\/wp\/v2\/tags?post=3637"}],"curies":[{"name":"wp","href":"https:\/\/api.w.org\/{rel}","templated":true}]}}