{"id":3636,"date":"2021-06-02T13:32:24","date_gmt":"2021-06-02T11:32:24","guid":{"rendered":"https:\/\/www.poseidoncalella.com\/wordpress2\/com-trio-la-meva-mascara-per-a-practicar-apnea-a-calella-de-palafrugell\/"},"modified":"2021-06-02T13:32:24","modified_gmt":"2021-06-02T11:32:24","slug":"com-trio-la-meva-mascara-per-a-practicar-apnea-a-calella-de-palafrugell","status":"publish","type":"post","link":"https:\/\/www.poseidoncalella.com\/ca\/com-trio-la-meva-mascara-per-a-practicar-apnea-a-calella-de-palafrugell\/","title":{"rendered":"Com trio la meva m\u00e0scara per a practicar apnea a Calella de Palafrugell?"},"content":{"rendered":"<p>En el mercat dels productes per a practicar apnea a Calella de Palafrugell podem trobar una gran infinitat de m\u00e0scares amb diferents formes, colors i grand\u00e0ries. Per\u00f2 quina \u00e9s la que millor anir\u00e0 per a practicar apnea a Calella de Palafrugell?<\/p>\n<h2>Com provar-me les ulleres per a bussejar a Calella de Palafrugell?<\/h2>\n<p>Sembla una ximpleria per\u00f2 cal saber col\u00b7locar-se molt b\u00e9 les ulleres per a evitar contratemps mentre practiquem apnea a Calella de Palafrugell, el proc\u00e9s correcte seria el seg\u00fcent:<\/p>\n<ul>\n<li>Si tens els cabells llargs, has d&#8217;apartar el p\u00e8l de la teva cara i tamb\u00e9 la goma de la m\u00e0scara.<\/li>\n<li>Pegar la m\u00e0scara en la teva cara de manera que la sentis c\u00f2moda i inspirar una mica pel nas perqu\u00e8 s&#8217;apropi.<\/li>\n<\/ul>\n<p>Si, una vegada inspires amb la m\u00e0scara posada se&#8217;t queda ben subjecta en la cara perqu\u00e8 t&#8217;est\u00e0 fent ventosa, aix\u00f2 vol dir que et va b\u00e9. Si per contra, et cau, vol dir que no s&#8217;adapta b\u00e9 a la morfologia de la teva cara i, l\u00f2gicament, t&#8217;entrar\u00e0 aigua quan et posis a practicar apnea, aix\u00ed que cal descartar aquesta m\u00e0scara encara que sigui la que m\u00e9s t&#8217;agradi del m\u00f3n.<\/p>\n<h3>Caracter\u00edstiques de les m\u00e0scares de busseig per a Palafrugell<\/h3>\n<p>Ventosa et faran molt\u00edssims models de m\u00e0scara per\u00f2 tamb\u00e9 cal tenir en compte diferents caracter\u00edstiques perqu\u00e8 l&#8217;apnea recreativa en el mar de Calella de Palafrugell sigui el m\u00e9s satisfactori per a tu.<\/p>\n<p>Si ets amateur o principiant en aix\u00f2 de con\u00e8ixer en profunditat el fons mar\u00ed, hauries de con\u00e8ixer les diferents caracter\u00edstiques que tenen les m\u00e0scares per a triar la millor en el teu cas:<\/p>\n<ul>\n<li><strong>Material<\/strong>: La majoria de m\u00e0scares per a practicar apnea solen ser de silicona amb o sense marc i amb cristall temperat, molt de moda \u00faltimament amb els tel\u00e8fons m\u00f2bils. Hi ha alguns models que tenen les lents de pl\u00e0stic per\u00f2 el que has de tenir en compte \u00e9s que es ratllen amb facilitat, aix\u00ed que el recomanable \u00e9s un cristall temperat.<\/li>\n<li><strong>Grand\u00e0ria<\/strong>: Com en la majoria de coses, n&#8217;hi ha de major i de menor grand\u00e0ria i, en el cas de l&#8217;apnea, \u00e9s un dels factors m\u00e9s importants per a tenir-lo en compte, per exemple, per a compensar la m\u00e0scara en el descens, si t\u00e9 menys volum, gastar\u00e0s menys aire.<\/li>\n<li><strong>Forma<\/strong>: Les pots trobar amb un \u00fanic cristall, amb 2, amb inclinaci\u00f3 cap avall i amb formes diverses (quadrades, rodones, ovalades, &#8230;) per\u00f2 el m\u00e9s important \u00e9s que et facin molt b\u00e9 la ventosa que coment\u00e0vem abans i que no molesti res en la zona del nas.<\/li>\n<li><strong>Color<\/strong>: La silicona pot ser de color s\u00f2lid o transparents i no \u00e9s que sigui el punt m\u00e9s important tret que siguis molt prim mirat i en les fotos sota l&#8217;aigua vulguis sortir de revista, per\u00f2 si el que vols \u00e9s observar animals, algues i plantes marines amb tranquil\u00b7litat, el millor \u00e9s que siguin de silicona opaca per a evitar els reflexos.<\/li>\n<\/ul>\n<p>En definitiva i com a resum, el que s&#8217;ha de tenir en compte principalment a l&#8217;hora de practicar apnea en algunes de les platges de Calella de Palafrugell \u00e9s que et faci b\u00e9 la ventosa contra la cara, que no notis cap mol\u00e8stia en portar-la posada, que ocupi poc espai i que el cristall sigui temperat.<\/p>\n","protected":false},"excerpt":{"rendered":"<p>En el mercat dels productes per a practicar apnea a Calella de Palafrugell podem trobar una gran infinitat de m\u00e0scares amb diferents formes, colors i [&hellip;]<\/p>\n","protected":false},"author":1,"featured_media":3369,"comment_status":"open","ping_status":"open","sticky":false,"template":"","format":"standard","meta":{"footnotes":""},"categories":[],"tags":[],"class_list":["post-3636","post","type-post","status-publish","format-standard","has-post-thumbnail","hentry"],"yoast_head":"<!-- This site is optimized with the Yoast SEO plugin v22.4 - https:\/\/yoast.com\/wordpress\/plugins\/seo\/ -->\n<title>Com trio la meva m\u00e0scara per a practicar apnea a Calella de Palafrugell? - Poseidon Calella<\/title>\n<meta name=\"robots\" content=\"index, follow, max-snippet:-1, max-image-preview:large, max-video-preview:-1\" \/>\n<link rel=\"canonical\" href=\"https:\/\/www.poseidoncalella.com\/ca\/com-trio-la-meva-mascara-per-a-practicar-apnea-a-calella-de-palafrugell\/\" \/>\n<meta property=\"og:locale\" content=\"es_ES\" \/>\n<meta property=\"og:type\" content=\"article\" \/>\n<meta property=\"og:title\" content=\"Com trio la meva m\u00e0scara per a practicar apnea a Calella de Palafrugell? - Poseidon Calella\" \/>\n<meta property=\"og:description\" content=\"En el mercat dels productes per a practicar apnea a Calella de Palafrugell podem trobar una gran infinitat de m\u00e0scares amb diferents formes, colors i [&hellip;]\" \/>\n<meta property=\"og:url\" content=\"https:\/\/www.poseidoncalella.com\/ca\/com-trio-la-meva-mascara-per-a-practicar-apnea-a-calella-de-palafrugell\/\" \/>\n<meta property=\"og:site_name\" content=\"Poseidon Calella\" \/>\n<meta property=\"article:publisher\" content=\"https:\/\/www.facebook.com\/Poseidon.Calella\" \/>\n<meta property=\"article:published_time\" content=\"2021-06-02T11:32:24+00:00\" \/>\n<meta property=\"og:image\" content=\"https:\/\/www.poseidoncalella.com\/wordpress2\/wp-content\/uploads\/2021\/06\/poseidon-elijo-mascara-practicar-apnea-calella-palafrugell.jpg\" \/>\n\t<meta property=\"og:image:width\" content=\"1000\" \/>\n\t<meta property=\"og:image:height\" content=\"750\" \/>\n\t<meta property=\"og:image:type\" content=\"image\/jpeg\" \/>\n<meta name=\"author\" content=\"gmcd\" \/>\n<meta name=\"twitter:card\" content=\"summary_large_image\" \/>\n<meta name=\"twitter:label1\" content=\"Written by\" \/>\n\t<meta name=\"twitter:data1\" content=\"gmcd\" \/>\n\t<meta name=\"twitter:label2\" content=\"Est. reading time\" \/>\n\t<meta name=\"twitter:data2\" content=\"3 minutes\" \/>\n<script type=\"application\/ld+json\" class=\"yoast-schema-graph\">{\"@context\":\"https:\/\/schema.org\",\"@graph\":[{\"@type\":\"Article\",\"@id\":\"https:\/\/www.poseidoncalella.com\/ca\/com-trio-la-meva-mascara-per-a-practicar-apnea-a-calella-de-palafrugell\/#article\",\"isPartOf\":{\"@id\":\"https:\/\/www.poseidoncalella.com\/ca\/com-trio-la-meva-mascara-per-a-practicar-apnea-a-calella-de-palafrugell\/\"},\"author\":{\"name\":\"gmcd\",\"@id\":\"https:\/\/www.poseidoncalella.com\/#\/schema\/person\/ce8d51a45783d9707ef6e9fafd6c9c24\"},\"headline\":\"Com trio la meva m\u00e0scara per a practicar apnea a Calella de Palafrugell?\",\"datePublished\":\"2021-06-02T11:32:24+00:00\",\"dateModified\":\"2021-06-02T11:32:24+00:00\",\"mainEntityOfPage\":{\"@id\":\"https:\/\/www.poseidoncalella.com\/ca\/com-trio-la-meva-mascara-per-a-practicar-apnea-a-calella-de-palafrugell\/\"},\"wordCount\":590,\"commentCount\":0,\"publisher\":{\"@id\":\"https:\/\/www.poseidoncalella.com\/#organization\"},\"image\":{\"@id\":\"https:\/\/www.poseidoncalella.com\/ca\/com-trio-la-meva-mascara-per-a-practicar-apnea-a-calella-de-palafrugell\/#primaryimage\"},\"thumbnailUrl\":\"https:\/\/www.poseidoncalella.com\/wordpress2\/wp-content\/uploads\/2021\/06\/poseidon-elijo-mascara-practicar-apnea-calella-palafrugell.jpg\",\"inLanguage\":\"es-CA\",\"potentialAction\":[{\"@type\":\"CommentAction\",\"name\":\"Comment\",\"target\":[\"https:\/\/www.poseidoncalella.com\/ca\/com-trio-la-meva-mascara-per-a-practicar-apnea-a-calella-de-palafrugell\/#respond\"]}]},{\"@type\":\"WebPage\",\"@id\":\"https:\/\/www.poseidoncalella.com\/ca\/com-trio-la-meva-mascara-per-a-practicar-apnea-a-calella-de-palafrugell\/\",\"url\":\"https:\/\/www.poseidoncalella.com\/ca\/com-trio-la-meva-mascara-per-a-practicar-apnea-a-calella-de-palafrugell\/\",\"name\":\"Com trio la meva m\u00e0scara per a practicar apnea a Calella de Palafrugell? - Poseidon Calella\",\"isPartOf\":{\"@id\":\"https:\/\/www.poseidoncalella.com\/#website\"},\"primaryImageOfPage\":{\"@id\":\"https:\/\/www.poseidoncalella.com\/ca\/com-trio-la-meva-mascara-per-a-practicar-apnea-a-calella-de-palafrugell\/#primaryimage\"},\"image\":{\"@id\":\"https:\/\/www.poseidoncalella.com\/ca\/com-trio-la-meva-mascara-per-a-practicar-apnea-a-calella-de-palafrugell\/#primaryimage\"},\"thumbnailUrl\":\"https:\/\/www.poseidoncalella.com\/wordpress2\/wp-content\/uploads\/2021\/06\/poseidon-elijo-mascara-practicar-apnea-calella-palafrugell.jpg\",\"datePublished\":\"2021-06-02T11:32:24+00:00\",\"dateModified\":\"2021-06-02T11:32:24+00:00\",\"breadcrumb\":{\"@id\":\"https:\/\/www.poseidoncalella.com\/ca\/com-trio-la-meva-mascara-per-a-practicar-apnea-a-calella-de-palafrugell\/#breadcrumb\"},\"inLanguage\":\"es-CA\",\"potentialAction\":[{\"@type\":\"ReadAction\",\"target\":[\"https:\/\/www.poseidoncalella.com\/ca\/com-trio-la-meva-mascara-per-a-practicar-apnea-a-calella-de-palafrugell\/\"]}]},{\"@type\":\"ImageObject\",\"inLanguage\":\"es-CA\",\"@id\":\"https:\/\/www.poseidoncalella.com\/ca\/com-trio-la-meva-mascara-per-a-practicar-apnea-a-calella-de-palafrugell\/#primaryimage\",\"url\":\"https:\/\/www.poseidoncalella.com\/wordpress2\/wp-content\/uploads\/2021\/06\/poseidon-elijo-mascara-practicar-apnea-calella-palafrugell.jpg\",\"contentUrl\":\"https:\/\/www.poseidoncalella.com\/wordpress2\/wp-content\/uploads\/2021\/06\/poseidon-elijo-mascara-practicar-apnea-calella-palafrugell.jpg\",\"width\":1000,\"height\":750},{\"@type\":\"BreadcrumbList\",\"@id\":\"https:\/\/www.poseidoncalella.com\/ca\/com-trio-la-meva-mascara-per-a-practicar-apnea-a-calella-de-palafrugell\/#breadcrumb\",\"itemListElement\":[{\"@type\":\"ListItem\",\"position\":1,\"name\":\"Portada\",\"item\":\"https:\/\/www.poseidoncalella.com\/ca\/\"},{\"@type\":\"ListItem\",\"position\":2,\"name\":\"Com trio la meva m\u00e0scara per a practicar apnea a Calella de Palafrugell?\"}]},{\"@type\":\"WebSite\",\"@id\":\"https:\/\/www.poseidoncalella.com\/#website\",\"url\":\"https:\/\/www.poseidoncalella.com\/\",\"name\":\"Poseidon Calella\",\"description\":\"Centre de busseig situat a Palafrugell, a la Costa Brava\",\"publisher\":{\"@id\":\"https:\/\/www.poseidoncalella.com\/#organization\"},\"potentialAction\":[{\"@type\":\"SearchAction\",\"target\":{\"@type\":\"EntryPoint\",\"urlTemplate\":\"https:\/\/www.poseidoncalella.com\/?s={search_term_string}\"},\"query-input\":\"required name=search_term_string\"}],\"inLanguage\":\"es-CA\"},{\"@type\":\"Organization\",\"@id\":\"https:\/\/www.poseidoncalella.com\/#organization\",\"name\":\"Poseidon Diving\",\"alternateName\":\"Poseidon Calella\",\"url\":\"https:\/\/www.poseidoncalella.com\/\",\"logo\":{\"@type\":\"ImageObject\",\"inLanguage\":\"es-CA\",\"@id\":\"https:\/\/www.poseidoncalella.com\/#\/schema\/logo\/image\/\",\"url\":\"https:\/\/www.poseidoncalella.com\/wordpress2\/wp-content\/uploads\/2021\/06\/cropped-favicon-1-180x180-1.png\",\"contentUrl\":\"https:\/\/www.poseidoncalella.com\/wordpress2\/wp-content\/uploads\/2021\/06\/cropped-favicon-1-180x180-1.png\",\"width\":180,\"height\":180,\"caption\":\"Poseidon Diving\"},\"image\":{\"@id\":\"https:\/\/www.poseidoncalella.com\/#\/schema\/logo\/image\/\"},\"sameAs\":[\"https:\/\/www.facebook.com\/Poseidon.Calella\",\"https:\/\/www.instagram.com\/poseidoncostabrava\/\"]},{\"@type\":\"Person\",\"@id\":\"https:\/\/www.poseidoncalella.com\/#\/schema\/person\/ce8d51a45783d9707ef6e9fafd6c9c24\",\"name\":\"gmcd\",\"image\":{\"@type\":\"ImageObject\",\"inLanguage\":\"es-CA\",\"@id\":\"https:\/\/www.poseidoncalella.com\/#\/schema\/person\/image\/\",\"url\":\"https:\/\/secure.gravatar.com\/avatar\/304131056b498676612e689bad60e29ba3233997948b9c963f6886ac23b02bb1?s=96&d=mm&r=g\",\"contentUrl\":\"https:\/\/secure.gravatar.com\/avatar\/304131056b498676612e689bad60e29ba3233997948b9c963f6886ac23b02bb1?s=96&d=mm&r=g\",\"caption\":\"gmcd\"},\"sameAs\":[\"https:\/\/www.poseidoncalella.com\/wordpress2\"],\"url\":\"https:\/\/www.poseidoncalella.com\/ca\/author\/gmcd\/\"}]}<\/script>\n<!-- \/ Yoast SEO plugin. -->","yoast_head_json":{"title":"Com trio la meva m\u00e0scara per a practicar apnea a Calella de Palafrugell? - Poseidon Calella","robots":{"index":"index","follow":"follow","max-snippet":"max-snippet:-1","max-image-preview":"max-image-preview:large","max-video-preview":"max-video-preview:-1"},"canonical":"https:\/\/www.poseidoncalella.com\/ca\/com-trio-la-meva-mascara-per-a-practicar-apnea-a-calella-de-palafrugell\/","og_locale":"es_ES","og_type":"article","og_title":"Com trio la meva m\u00e0scara per a practicar apnea a Calella de Palafrugell? - Poseidon Calella","og_description":"En el mercat dels productes per a practicar apnea a Calella de Palafrugell podem trobar una gran infinitat de m\u00e0scares amb diferents formes, colors i [&hellip;]","og_url":"https:\/\/www.poseidoncalella.com\/ca\/com-trio-la-meva-mascara-per-a-practicar-apnea-a-calella-de-palafrugell\/","og_site_name":"Poseidon Calella","article_publisher":"https:\/\/www.facebook.com\/Poseidon.Calella","article_published_time":"2021-06-02T11:32:24+00:00","og_image":[{"width":1000,"height":750,"url":"https:\/\/www.poseidoncalella.com\/wordpress2\/wp-content\/uploads\/2021\/06\/poseidon-elijo-mascara-practicar-apnea-calella-palafrugell.jpg","type":"image\/jpeg"}],"author":"gmcd","twitter_card":"summary_large_image","twitter_misc":{"Written by":"gmcd","Est. reading time":"3 minutes"},"schema":{"@context":"https:\/\/schema.org","@graph":[{"@type":"Article","@id":"https:\/\/www.poseidoncalella.com\/ca\/com-trio-la-meva-mascara-per-a-practicar-apnea-a-calella-de-palafrugell\/#article","isPartOf":{"@id":"https:\/\/www.poseidoncalella.com\/ca\/com-trio-la-meva-mascara-per-a-practicar-apnea-a-calella-de-palafrugell\/"},"author":{"name":"gmcd","@id":"https:\/\/www.poseidoncalella.com\/#\/schema\/person\/ce8d51a45783d9707ef6e9fafd6c9c24"},"headline":"Com trio la meva m\u00e0scara per a practicar apnea a Calella de Palafrugell?","datePublished":"2021-06-02T11:32:24+00:00","dateModified":"2021-06-02T11:32:24+00:00","mainEntityOfPage":{"@id":"https:\/\/www.poseidoncalella.com\/ca\/com-trio-la-meva-mascara-per-a-practicar-apnea-a-calella-de-palafrugell\/"},"wordCount":590,"commentCount":0,"publisher":{"@id":"https:\/\/www.poseidoncalella.com\/#organization"},"image":{"@id":"https:\/\/www.poseidoncalella.com\/ca\/com-trio-la-meva-mascara-per-a-practicar-apnea-a-calella-de-palafrugell\/#primaryimage"},"thumbnailUrl":"https:\/\/www.poseidoncalella.com\/wordpress2\/wp-content\/uploads\/2021\/06\/poseidon-elijo-mascara-practicar-apnea-calella-palafrugell.jpg","inLanguage":"es-CA","potentialAction":[{"@type":"CommentAction","name":"Comment","target":["https:\/\/www.poseidoncalella.com\/ca\/com-trio-la-meva-mascara-per-a-practicar-apnea-a-calella-de-palafrugell\/#respond"]}]},{"@type":"WebPage","@id":"https:\/\/www.poseidoncalella.com\/ca\/com-trio-la-meva-mascara-per-a-practicar-apnea-a-calella-de-palafrugell\/","url":"https:\/\/www.poseidoncalella.com\/ca\/com-trio-la-meva-mascara-per-a-practicar-apnea-a-calella-de-palafrugell\/","name":"Com trio la meva m\u00e0scara per a practicar apnea a Calella de Palafrugell? - Poseidon Calella","isPartOf":{"@id":"https:\/\/www.poseidoncalella.com\/#website"},"primaryImageOfPage":{"@id":"https:\/\/www.poseidoncalella.com\/ca\/com-trio-la-meva-mascara-per-a-practicar-apnea-a-calella-de-palafrugell\/#primaryimage"},"image":{"@id":"https:\/\/www.poseidoncalella.com\/ca\/com-trio-la-meva-mascara-per-a-practicar-apnea-a-calella-de-palafrugell\/#primaryimage"},"thumbnailUrl":"https:\/\/www.poseidoncalella.com\/wordpress2\/wp-content\/uploads\/2021\/06\/poseidon-elijo-mascara-practicar-apnea-calella-palafrugell.jpg","datePublished":"2021-06-02T11:32:24+00:00","dateModified":"2021-06-02T11:32:24+00:00","breadcrumb":{"@id":"https:\/\/www.poseidoncalella.com\/ca\/com-trio-la-meva-mascara-per-a-practicar-apnea-a-calella-de-palafrugell\/#breadcrumb"},"inLanguage":"es-CA","potentialAction":[{"@type":"ReadAction","target":["https:\/\/www.poseidoncalella.com\/ca\/com-trio-la-meva-mascara-per-a-practicar-apnea-a-calella-de-palafrugell\/"]}]},{"@type":"ImageObject","inLanguage":"es-CA","@id":"https:\/\/www.poseidoncalella.com\/ca\/com-trio-la-meva-mascara-per-a-practicar-apnea-a-calella-de-palafrugell\/#primaryimage","url":"https:\/\/www.poseidoncalella.com\/wordpress2\/wp-content\/uploads\/2021\/06\/poseidon-elijo-mascara-practicar-apnea-calella-palafrugell.jpg","contentUrl":"https:\/\/www.poseidoncalella.com\/wordpress2\/wp-content\/uploads\/2021\/06\/poseidon-elijo-mascara-practicar-apnea-calella-palafrugell.jpg","width":1000,"height":750},{"@type":"BreadcrumbList","@id":"https:\/\/www.poseidoncalella.com\/ca\/com-trio-la-meva-mascara-per-a-practicar-apnea-a-calella-de-palafrugell\/#breadcrumb","itemListElement":[{"@type":"ListItem","position":1,"name":"Portada","item":"https:\/\/www.poseidoncalella.com\/ca\/"},{"@type":"ListItem","position":2,"name":"Com trio la meva m\u00e0scara per a practicar apnea a Calella de Palafrugell?"}]},{"@type":"WebSite","@id":"https:\/\/www.poseidoncalella.com\/#website","url":"https:\/\/www.poseidoncalella.com\/","name":"Poseidon Calella","description":"Centre de busseig situat a Palafrugell, a la Costa Brava","publisher":{"@id":"https:\/\/www.poseidoncalella.com\/#organization"},"potentialAction":[{"@type":"SearchAction","target":{"@type":"EntryPoint","urlTemplate":"https:\/\/www.poseidoncalella.com\/?s={search_term_string}"},"query-input":"required name=search_term_string"}],"inLanguage":"es-CA"},{"@type":"Organization","@id":"https:\/\/www.poseidoncalella.com\/#organization","name":"Poseidon Diving","alternateName":"Poseidon Calella","url":"https:\/\/www.poseidoncalella.com\/","logo":{"@type":"ImageObject","inLanguage":"es-CA","@id":"https:\/\/www.poseidoncalella.com\/#\/schema\/logo\/image\/","url":"https:\/\/www.poseidoncalella.com\/wordpress2\/wp-content\/uploads\/2021\/06\/cropped-favicon-1-180x180-1.png","contentUrl":"https:\/\/www.poseidoncalella.com\/wordpress2\/wp-content\/uploads\/2021\/06\/cropped-favicon-1-180x180-1.png","width":180,"height":180,"caption":"Poseidon Diving"},"image":{"@id":"https:\/\/www.poseidoncalella.com\/#\/schema\/logo\/image\/"},"sameAs":["https:\/\/www.facebook.com\/Poseidon.Calella","https:\/\/www.instagram.com\/poseidoncostabrava\/"]},{"@type":"Person","@id":"https:\/\/www.poseidoncalella.com\/#\/schema\/person\/ce8d51a45783d9707ef6e9fafd6c9c24","name":"gmcd","image":{"@type":"ImageObject","inLanguage":"es-CA","@id":"https:\/\/www.poseidoncalella.com\/#\/schema\/person\/image\/","url":"https:\/\/secure.gravatar.com\/avatar\/304131056b498676612e689bad60e29ba3233997948b9c963f6886ac23b02bb1?s=96&d=mm&r=g","contentUrl":"https:\/\/secure.gravatar.com\/avatar\/304131056b498676612e689bad60e29ba3233997948b9c963f6886ac23b02bb1?s=96&d=mm&r=g","caption":"gmcd"},"sameAs":["https:\/\/www.poseidoncalella.com\/wordpress2"],"url":"https:\/\/www.poseidoncalella.com\/ca\/author\/gmcd\/"}]}},"_links":{"self":[{"href":"https:\/\/www.poseidoncalella.com\/ca\/wp-json\/wp\/v2\/posts\/3636","targetHints":{"allow":["GET"]}}],"collection":[{"href":"https:\/\/www.poseidoncalella.com\/ca\/wp-json\/wp\/v2\/posts"}],"about":[{"href":"https:\/\/www.poseidoncalella.com\/ca\/wp-json\/wp\/v2\/types\/post"}],"author":[{"embeddable":true,"href":"https:\/\/www.poseidoncalella.com\/ca\/wp-json\/wp\/v2\/users\/1"}],"replies":[{"embeddable":true,"href":"https:\/\/www.poseidoncalella.com\/ca\/wp-json\/wp\/v2\/comments?post=3636"}],"version-history":[{"count":0,"href":"https:\/\/www.poseidoncalella.com\/ca\/wp-json\/wp\/v2\/posts\/3636\/revisions"}],"wp:featuredmedia":[{"embeddable":true,"href":"https:\/\/www.poseidoncalella.com\/ca\/wp-json\/wp\/v2\/media\/3369"}],"wp:attachment":[{"href":"https:\/\/www.poseidoncalella.com\/ca\/wp-json\/wp\/v2\/media?parent=3636"}],"wp:term":[{"taxonomy":"category","embeddable":true,"href":"https:\/\/www.poseidoncalella.com\/ca\/wp-json\/wp\/v2\/categories?post=3636"},{"taxonomy":"post_tag","embeddable":true,"href":"https:\/\/www.poseidoncalella.com\/ca\/wp-json\/wp\/v2\/tags?post=3636"}],"curies":[{"name":"wp","href":"https:\/\/api.w.org\/{rel}","templated":true}]}}