{"id":3634,"date":"2021-06-02T13:32:24","date_gmt":"2021-06-02T11:32:24","guid":{"rendered":"https:\/\/www.poseidoncalella.com\/wordpress2\/snorkel-vs-apnea-recreativa-competidors-a-la-costa-brava\/"},"modified":"2021-06-02T13:32:24","modified_gmt":"2021-06-02T11:32:24","slug":"snorkel-vs-apnea-recreativa-competidors-a-la-costa-brava","status":"publish","type":"post","link":"https:\/\/www.poseidoncalella.com\/ca\/snorkel-vs-apnea-recreativa-competidors-a-la-costa-brava\/","title":{"rendered":"Snorkel Vs apnea recreativa, competidors a la Costa Brava"},"content":{"rendered":"<p>B\u00e0sicament, l&#8217;<strong>apnea<\/strong> o tamb\u00e9 conegut com <strong>freediving<\/strong> \u00e9s un esport subaq\u00fc\u00e0tic en el qual parem la respiraci\u00f3 de forma volunt\u00e0ria i, per norma general, solem pensar que ho practiquen persones que descendeixen a les profunditats marines aguantant la respiraci\u00f3 de forma heroica per\u00f2 no \u00e9s aix\u00ed. Hi ha moltes persones que practiquen el que antigament es deia busseig a pulm\u00f3 i no s\u00f3n superpersones.<\/p>\n<h3>Snorkel\u00a0Vs apnea recreativa a la Costa Brava<\/h3>\n<p>La principal difer\u00e8ncia es basa en el concepte de no respirar, apnea. Per\u00f2 hi ha m\u00e9s:<\/p>\n<h3>Snorkel<\/h3>\n<ul>\n<li><strong>Principal objectiu<\/strong>: Gaudir sota el mar del medi mar\u00ed, fauna i flora.<\/li>\n<li><strong>Equip necessari<\/strong>: Ulleres, tub i, opcionalment, aletes.<\/li>\n<li><strong>Zona per a practicar-ho<\/strong>: Per la superf\u00edcie marina.<\/li>\n<\/ul>\n<h3>Freediving<\/h3>\n<ul>\n<li><strong>Principal objectiu<\/strong>: El mateix que snorkel per\u00f2 s&#8217;afegeix la forma competitiva d&#8217;aguantar com m\u00e9s temps sota l&#8217;aigua, millor.<\/li>\n<li><strong>Equip necessari<\/strong>: A m\u00e9s del d&#8217;snorkel, s&#8217;afegeixen diferents caracter\u00edstiques als elements com a m\u00e0scares que pesin poc, tubs tous o aletes m\u00e9s llargues per a arribar m\u00e9s r\u00e0pid a dist\u00e0ncies m\u00e9s llunyanes.<\/li>\n<li><strong>Zona per a practicar-ho<\/strong>: Es pot practicar tant en superf\u00edcie com\u00a0snorkel com en el fons mar\u00ed.<\/li>\n<\/ul>\n<p>Resumint,\u00a0snorkel es considera un esport on l&#8217;objectiu \u00e9s observar la flora i fauna marina des de la superf\u00edcie mentre que en freediving anem un pas m\u00e9s enll\u00e0 i explorem el fons mar\u00ed.<\/p>\n<h3>L&#8217;apnea recreativa a Calella de Palafrugell<\/h3>\n<p>Consisteix a descobrir el fons mar\u00ed aguantant prou l&#8217;aire, de fet, \u00e9s freediving. En paral\u00b7lel tamb\u00e9 podem trobar gent que practica fotosub o pescasub en condicions recreatives que tamb\u00e9 estan en manera competici\u00f3.<\/p>\n<h4>Tipus de freediving recreatiu<\/h4>\n<ul>\n<li>Freediving d&#8217;iniciaci\u00f3: El que practica\u00a0snorkel i vol anar una mica m\u00e9s enll\u00e0 baixant uns metres i aguantant la respiraci\u00f3 una mica.<\/li>\n<li>Freediving avan\u00e7at: Amb suficients coneixements sobre apnea i que estigui molt c\u00f2mode bussejant entre 5 i 20 metres de profunditat marina.<\/li>\n<li>Freediving expert: Amb molts coneixements d&#8217;apnea, que s&#8217;entrena de forma regular i que se submergeix superant els 20 metres de profunditat.<\/li>\n<\/ul>\n<p>\u00c9s important aclarir que es tracten d&#8217;esports amb diferents nivells i l&#8217;experi\u00e8ncia i coneixement del mitj\u00e0 mana. Hi ha moltes altres per\u00f2 l&#8217;important \u00e9s saber que s&#8217;han de tenir nocions m\u00ednimes de seguretat i saber les limitacions d&#8217;un mateix per a evitar un accident en la pr\u00e0ctica d&#8217;alguna de les modalitats, perqu\u00e8 es considera un esport extrem.<\/p>\n","protected":false},"excerpt":{"rendered":"<p>B\u00e0sicament, l&#8217;apnea o tamb\u00e9 conegut com freediving \u00e9s un esport subaq\u00fc\u00e0tic en el qual parem la respiraci\u00f3 de forma volunt\u00e0ria i, per norma general, solem [&hellip;]<\/p>\n","protected":false},"author":1,"featured_media":3357,"comment_status":"open","ping_status":"open","sticky":false,"template":"","format":"standard","meta":{"footnotes":""},"categories":[],"tags":[],"class_list":["post-3634","post","type-post","status-publish","format-standard","has-post-thumbnail","hentry"],"yoast_head":"<!-- This site is optimized with the Yoast SEO plugin v22.4 - https:\/\/yoast.com\/wordpress\/plugins\/seo\/ -->\n<title>Snorkel Vs apnea recreativa, competidors a la Costa Brava - Poseidon Calella<\/title>\n<meta name=\"robots\" content=\"index, follow, max-snippet:-1, max-image-preview:large, max-video-preview:-1\" \/>\n<link rel=\"canonical\" href=\"https:\/\/www.poseidoncalella.com\/ca\/snorkel-vs-apnea-recreativa-competidors-a-la-costa-brava\/\" \/>\n<meta property=\"og:locale\" content=\"es_ES\" \/>\n<meta property=\"og:type\" content=\"article\" \/>\n<meta property=\"og:title\" content=\"Snorkel Vs apnea recreativa, competidors a la Costa Brava - Poseidon Calella\" \/>\n<meta property=\"og:description\" content=\"B\u00e0sicament, l&#8217;apnea o tamb\u00e9 conegut com freediving \u00e9s un esport subaq\u00fc\u00e0tic en el qual parem la respiraci\u00f3 de forma volunt\u00e0ria i, per norma general, solem [&hellip;]\" \/>\n<meta property=\"og:url\" content=\"https:\/\/www.poseidoncalella.com\/ca\/snorkel-vs-apnea-recreativa-competidors-a-la-costa-brava\/\" \/>\n<meta property=\"og:site_name\" content=\"Poseidon Calella\" \/>\n<meta property=\"article:publisher\" content=\"https:\/\/www.facebook.com\/Poseidon.Calella\" \/>\n<meta property=\"article:published_time\" content=\"2021-06-02T11:32:24+00:00\" \/>\n<meta property=\"og:image\" content=\"https:\/\/www.poseidoncalella.com\/wordpress2\/wp-content\/uploads\/2021\/06\/poseidon-calella-palafrugell-snorkel-vs-apnea-recreativa-competidores-la-costa-brava.jpg\" \/>\n\t<meta property=\"og:image:width\" content=\"1000\" \/>\n\t<meta property=\"og:image:height\" content=\"750\" \/>\n\t<meta property=\"og:image:type\" content=\"image\/jpeg\" \/>\n<meta name=\"author\" content=\"gmcd\" \/>\n<meta name=\"twitter:card\" content=\"summary_large_image\" \/>\n<meta name=\"twitter:label1\" content=\"Written by\" \/>\n\t<meta name=\"twitter:data1\" content=\"gmcd\" \/>\n\t<meta name=\"twitter:label2\" content=\"Est. reading time\" \/>\n\t<meta name=\"twitter:data2\" content=\"2 minutes\" \/>\n<script type=\"application\/ld+json\" class=\"yoast-schema-graph\">{\"@context\":\"https:\/\/schema.org\",\"@graph\":[{\"@type\":\"Article\",\"@id\":\"https:\/\/www.poseidoncalella.com\/ca\/snorkel-vs-apnea-recreativa-competidors-a-la-costa-brava\/#article\",\"isPartOf\":{\"@id\":\"https:\/\/www.poseidoncalella.com\/ca\/snorkel-vs-apnea-recreativa-competidors-a-la-costa-brava\/\"},\"author\":{\"name\":\"gmcd\",\"@id\":\"https:\/\/www.poseidoncalella.com\/#\/schema\/person\/ce8d51a45783d9707ef6e9fafd6c9c24\"},\"headline\":\"Snorkel Vs apnea recreativa, competidors a la Costa Brava\",\"datePublished\":\"2021-06-02T11:32:24+00:00\",\"dateModified\":\"2021-06-02T11:32:24+00:00\",\"mainEntityOfPage\":{\"@id\":\"https:\/\/www.poseidoncalella.com\/ca\/snorkel-vs-apnea-recreativa-competidors-a-la-costa-brava\/\"},\"wordCount\":413,\"commentCount\":0,\"publisher\":{\"@id\":\"https:\/\/www.poseidoncalella.com\/#organization\"},\"image\":{\"@id\":\"https:\/\/www.poseidoncalella.com\/ca\/snorkel-vs-apnea-recreativa-competidors-a-la-costa-brava\/#primaryimage\"},\"thumbnailUrl\":\"https:\/\/www.poseidoncalella.com\/wordpress2\/wp-content\/uploads\/2021\/06\/poseidon-calella-palafrugell-snorkel-vs-apnea-recreativa-competidores-la-costa-brava.jpg\",\"inLanguage\":\"es-CA\",\"potentialAction\":[{\"@type\":\"CommentAction\",\"name\":\"Comment\",\"target\":[\"https:\/\/www.poseidoncalella.com\/ca\/snorkel-vs-apnea-recreativa-competidors-a-la-costa-brava\/#respond\"]}]},{\"@type\":\"WebPage\",\"@id\":\"https:\/\/www.poseidoncalella.com\/ca\/snorkel-vs-apnea-recreativa-competidors-a-la-costa-brava\/\",\"url\":\"https:\/\/www.poseidoncalella.com\/ca\/snorkel-vs-apnea-recreativa-competidors-a-la-costa-brava\/\",\"name\":\"Snorkel Vs apnea recreativa, competidors a la Costa Brava - Poseidon Calella\",\"isPartOf\":{\"@id\":\"https:\/\/www.poseidoncalella.com\/#website\"},\"primaryImageOfPage\":{\"@id\":\"https:\/\/www.poseidoncalella.com\/ca\/snorkel-vs-apnea-recreativa-competidors-a-la-costa-brava\/#primaryimage\"},\"image\":{\"@id\":\"https:\/\/www.poseidoncalella.com\/ca\/snorkel-vs-apnea-recreativa-competidors-a-la-costa-brava\/#primaryimage\"},\"thumbnailUrl\":\"https:\/\/www.poseidoncalella.com\/wordpress2\/wp-content\/uploads\/2021\/06\/poseidon-calella-palafrugell-snorkel-vs-apnea-recreativa-competidores-la-costa-brava.jpg\",\"datePublished\":\"2021-06-02T11:32:24+00:00\",\"dateModified\":\"2021-06-02T11:32:24+00:00\",\"breadcrumb\":{\"@id\":\"https:\/\/www.poseidoncalella.com\/ca\/snorkel-vs-apnea-recreativa-competidors-a-la-costa-brava\/#breadcrumb\"},\"inLanguage\":\"es-CA\",\"potentialAction\":[{\"@type\":\"ReadAction\",\"target\":[\"https:\/\/www.poseidoncalella.com\/ca\/snorkel-vs-apnea-recreativa-competidors-a-la-costa-brava\/\"]}]},{\"@type\":\"ImageObject\",\"inLanguage\":\"es-CA\",\"@id\":\"https:\/\/www.poseidoncalella.com\/ca\/snorkel-vs-apnea-recreativa-competidors-a-la-costa-brava\/#primaryimage\",\"url\":\"https:\/\/www.poseidoncalella.com\/wordpress2\/wp-content\/uploads\/2021\/06\/poseidon-calella-palafrugell-snorkel-vs-apnea-recreativa-competidores-la-costa-brava.jpg\",\"contentUrl\":\"https:\/\/www.poseidoncalella.com\/wordpress2\/wp-content\/uploads\/2021\/06\/poseidon-calella-palafrugell-snorkel-vs-apnea-recreativa-competidores-la-costa-brava.jpg\",\"width\":1000,\"height\":750},{\"@type\":\"BreadcrumbList\",\"@id\":\"https:\/\/www.poseidoncalella.com\/ca\/snorkel-vs-apnea-recreativa-competidors-a-la-costa-brava\/#breadcrumb\",\"itemListElement\":[{\"@type\":\"ListItem\",\"position\":1,\"name\":\"Portada\",\"item\":\"https:\/\/www.poseidoncalella.com\/ca\/\"},{\"@type\":\"ListItem\",\"position\":2,\"name\":\"Snorkel Vs apnea recreativa, competidors a la Costa Brava\"}]},{\"@type\":\"WebSite\",\"@id\":\"https:\/\/www.poseidoncalella.com\/#website\",\"url\":\"https:\/\/www.poseidoncalella.com\/\",\"name\":\"Poseidon Calella\",\"description\":\"Centre de busseig situat a Palafrugell, a la Costa Brava\",\"publisher\":{\"@id\":\"https:\/\/www.poseidoncalella.com\/#organization\"},\"potentialAction\":[{\"@type\":\"SearchAction\",\"target\":{\"@type\":\"EntryPoint\",\"urlTemplate\":\"https:\/\/www.poseidoncalella.com\/?s={search_term_string}\"},\"query-input\":\"required name=search_term_string\"}],\"inLanguage\":\"es-CA\"},{\"@type\":\"Organization\",\"@id\":\"https:\/\/www.poseidoncalella.com\/#organization\",\"name\":\"Poseidon Diving\",\"alternateName\":\"Poseidon Calella\",\"url\":\"https:\/\/www.poseidoncalella.com\/\",\"logo\":{\"@type\":\"ImageObject\",\"inLanguage\":\"es-CA\",\"@id\":\"https:\/\/www.poseidoncalella.com\/#\/schema\/logo\/image\/\",\"url\":\"https:\/\/www.poseidoncalella.com\/wordpress2\/wp-content\/uploads\/2021\/06\/cropped-favicon-1-180x180-1.png\",\"contentUrl\":\"https:\/\/www.poseidoncalella.com\/wordpress2\/wp-content\/uploads\/2021\/06\/cropped-favicon-1-180x180-1.png\",\"width\":180,\"height\":180,\"caption\":\"Poseidon Diving\"},\"image\":{\"@id\":\"https:\/\/www.poseidoncalella.com\/#\/schema\/logo\/image\/\"},\"sameAs\":[\"https:\/\/www.facebook.com\/Poseidon.Calella\",\"https:\/\/www.instagram.com\/poseidoncostabrava\/\"]},{\"@type\":\"Person\",\"@id\":\"https:\/\/www.poseidoncalella.com\/#\/schema\/person\/ce8d51a45783d9707ef6e9fafd6c9c24\",\"name\":\"gmcd\",\"image\":{\"@type\":\"ImageObject\",\"inLanguage\":\"es-CA\",\"@id\":\"https:\/\/www.poseidoncalella.com\/#\/schema\/person\/image\/\",\"url\":\"https:\/\/secure.gravatar.com\/avatar\/304131056b498676612e689bad60e29ba3233997948b9c963f6886ac23b02bb1?s=96&d=mm&r=g\",\"contentUrl\":\"https:\/\/secure.gravatar.com\/avatar\/304131056b498676612e689bad60e29ba3233997948b9c963f6886ac23b02bb1?s=96&d=mm&r=g\",\"caption\":\"gmcd\"},\"sameAs\":[\"https:\/\/www.poseidoncalella.com\/wordpress2\"],\"url\":\"https:\/\/www.poseidoncalella.com\/ca\/author\/gmcd\/\"}]}<\/script>\n<!-- \/ Yoast SEO plugin. -->","yoast_head_json":{"title":"Snorkel Vs apnea recreativa, competidors a la Costa Brava - Poseidon Calella","robots":{"index":"index","follow":"follow","max-snippet":"max-snippet:-1","max-image-preview":"max-image-preview:large","max-video-preview":"max-video-preview:-1"},"canonical":"https:\/\/www.poseidoncalella.com\/ca\/snorkel-vs-apnea-recreativa-competidors-a-la-costa-brava\/","og_locale":"es_ES","og_type":"article","og_title":"Snorkel Vs apnea recreativa, competidors a la Costa Brava - Poseidon Calella","og_description":"B\u00e0sicament, l&#8217;apnea o tamb\u00e9 conegut com freediving \u00e9s un esport subaq\u00fc\u00e0tic en el qual parem la respiraci\u00f3 de forma volunt\u00e0ria i, per norma general, solem [&hellip;]","og_url":"https:\/\/www.poseidoncalella.com\/ca\/snorkel-vs-apnea-recreativa-competidors-a-la-costa-brava\/","og_site_name":"Poseidon Calella","article_publisher":"https:\/\/www.facebook.com\/Poseidon.Calella","article_published_time":"2021-06-02T11:32:24+00:00","og_image":[{"width":1000,"height":750,"url":"https:\/\/www.poseidoncalella.com\/wordpress2\/wp-content\/uploads\/2021\/06\/poseidon-calella-palafrugell-snorkel-vs-apnea-recreativa-competidores-la-costa-brava.jpg","type":"image\/jpeg"}],"author":"gmcd","twitter_card":"summary_large_image","twitter_misc":{"Written by":"gmcd","Est. reading time":"2 minutes"},"schema":{"@context":"https:\/\/schema.org","@graph":[{"@type":"Article","@id":"https:\/\/www.poseidoncalella.com\/ca\/snorkel-vs-apnea-recreativa-competidors-a-la-costa-brava\/#article","isPartOf":{"@id":"https:\/\/www.poseidoncalella.com\/ca\/snorkel-vs-apnea-recreativa-competidors-a-la-costa-brava\/"},"author":{"name":"gmcd","@id":"https:\/\/www.poseidoncalella.com\/#\/schema\/person\/ce8d51a45783d9707ef6e9fafd6c9c24"},"headline":"Snorkel Vs apnea recreativa, competidors a la Costa Brava","datePublished":"2021-06-02T11:32:24+00:00","dateModified":"2021-06-02T11:32:24+00:00","mainEntityOfPage":{"@id":"https:\/\/www.poseidoncalella.com\/ca\/snorkel-vs-apnea-recreativa-competidors-a-la-costa-brava\/"},"wordCount":413,"commentCount":0,"publisher":{"@id":"https:\/\/www.poseidoncalella.com\/#organization"},"image":{"@id":"https:\/\/www.poseidoncalella.com\/ca\/snorkel-vs-apnea-recreativa-competidors-a-la-costa-brava\/#primaryimage"},"thumbnailUrl":"https:\/\/www.poseidoncalella.com\/wordpress2\/wp-content\/uploads\/2021\/06\/poseidon-calella-palafrugell-snorkel-vs-apnea-recreativa-competidores-la-costa-brava.jpg","inLanguage":"es-CA","potentialAction":[{"@type":"CommentAction","name":"Comment","target":["https:\/\/www.poseidoncalella.com\/ca\/snorkel-vs-apnea-recreativa-competidors-a-la-costa-brava\/#respond"]}]},{"@type":"WebPage","@id":"https:\/\/www.poseidoncalella.com\/ca\/snorkel-vs-apnea-recreativa-competidors-a-la-costa-brava\/","url":"https:\/\/www.poseidoncalella.com\/ca\/snorkel-vs-apnea-recreativa-competidors-a-la-costa-brava\/","name":"Snorkel Vs apnea recreativa, competidors a la Costa Brava - Poseidon Calella","isPartOf":{"@id":"https:\/\/www.poseidoncalella.com\/#website"},"primaryImageOfPage":{"@id":"https:\/\/www.poseidoncalella.com\/ca\/snorkel-vs-apnea-recreativa-competidors-a-la-costa-brava\/#primaryimage"},"image":{"@id":"https:\/\/www.poseidoncalella.com\/ca\/snorkel-vs-apnea-recreativa-competidors-a-la-costa-brava\/#primaryimage"},"thumbnailUrl":"https:\/\/www.poseidoncalella.com\/wordpress2\/wp-content\/uploads\/2021\/06\/poseidon-calella-palafrugell-snorkel-vs-apnea-recreativa-competidores-la-costa-brava.jpg","datePublished":"2021-06-02T11:32:24+00:00","dateModified":"2021-06-02T11:32:24+00:00","breadcrumb":{"@id":"https:\/\/www.poseidoncalella.com\/ca\/snorkel-vs-apnea-recreativa-competidors-a-la-costa-brava\/#breadcrumb"},"inLanguage":"es-CA","potentialAction":[{"@type":"ReadAction","target":["https:\/\/www.poseidoncalella.com\/ca\/snorkel-vs-apnea-recreativa-competidors-a-la-costa-brava\/"]}]},{"@type":"ImageObject","inLanguage":"es-CA","@id":"https:\/\/www.poseidoncalella.com\/ca\/snorkel-vs-apnea-recreativa-competidors-a-la-costa-brava\/#primaryimage","url":"https:\/\/www.poseidoncalella.com\/wordpress2\/wp-content\/uploads\/2021\/06\/poseidon-calella-palafrugell-snorkel-vs-apnea-recreativa-competidores-la-costa-brava.jpg","contentUrl":"https:\/\/www.poseidoncalella.com\/wordpress2\/wp-content\/uploads\/2021\/06\/poseidon-calella-palafrugell-snorkel-vs-apnea-recreativa-competidores-la-costa-brava.jpg","width":1000,"height":750},{"@type":"BreadcrumbList","@id":"https:\/\/www.poseidoncalella.com\/ca\/snorkel-vs-apnea-recreativa-competidors-a-la-costa-brava\/#breadcrumb","itemListElement":[{"@type":"ListItem","position":1,"name":"Portada","item":"https:\/\/www.poseidoncalella.com\/ca\/"},{"@type":"ListItem","position":2,"name":"Snorkel Vs apnea recreativa, competidors a la Costa Brava"}]},{"@type":"WebSite","@id":"https:\/\/www.poseidoncalella.com\/#website","url":"https:\/\/www.poseidoncalella.com\/","name":"Poseidon Calella","description":"Centre de busseig situat a Palafrugell, a la Costa Brava","publisher":{"@id":"https:\/\/www.poseidoncalella.com\/#organization"},"potentialAction":[{"@type":"SearchAction","target":{"@type":"EntryPoint","urlTemplate":"https:\/\/www.poseidoncalella.com\/?s={search_term_string}"},"query-input":"required name=search_term_string"}],"inLanguage":"es-CA"},{"@type":"Organization","@id":"https:\/\/www.poseidoncalella.com\/#organization","name":"Poseidon Diving","alternateName":"Poseidon Calella","url":"https:\/\/www.poseidoncalella.com\/","logo":{"@type":"ImageObject","inLanguage":"es-CA","@id":"https:\/\/www.poseidoncalella.com\/#\/schema\/logo\/image\/","url":"https:\/\/www.poseidoncalella.com\/wordpress2\/wp-content\/uploads\/2021\/06\/cropped-favicon-1-180x180-1.png","contentUrl":"https:\/\/www.poseidoncalella.com\/wordpress2\/wp-content\/uploads\/2021\/06\/cropped-favicon-1-180x180-1.png","width":180,"height":180,"caption":"Poseidon Diving"},"image":{"@id":"https:\/\/www.poseidoncalella.com\/#\/schema\/logo\/image\/"},"sameAs":["https:\/\/www.facebook.com\/Poseidon.Calella","https:\/\/www.instagram.com\/poseidoncostabrava\/"]},{"@type":"Person","@id":"https:\/\/www.poseidoncalella.com\/#\/schema\/person\/ce8d51a45783d9707ef6e9fafd6c9c24","name":"gmcd","image":{"@type":"ImageObject","inLanguage":"es-CA","@id":"https:\/\/www.poseidoncalella.com\/#\/schema\/person\/image\/","url":"https:\/\/secure.gravatar.com\/avatar\/304131056b498676612e689bad60e29ba3233997948b9c963f6886ac23b02bb1?s=96&d=mm&r=g","contentUrl":"https:\/\/secure.gravatar.com\/avatar\/304131056b498676612e689bad60e29ba3233997948b9c963f6886ac23b02bb1?s=96&d=mm&r=g","caption":"gmcd"},"sameAs":["https:\/\/www.poseidoncalella.com\/wordpress2"],"url":"https:\/\/www.poseidoncalella.com\/ca\/author\/gmcd\/"}]}},"_links":{"self":[{"href":"https:\/\/www.poseidoncalella.com\/ca\/wp-json\/wp\/v2\/posts\/3634","targetHints":{"allow":["GET"]}}],"collection":[{"href":"https:\/\/www.poseidoncalella.com\/ca\/wp-json\/wp\/v2\/posts"}],"about":[{"href":"https:\/\/www.poseidoncalella.com\/ca\/wp-json\/wp\/v2\/types\/post"}],"author":[{"embeddable":true,"href":"https:\/\/www.poseidoncalella.com\/ca\/wp-json\/wp\/v2\/users\/1"}],"replies":[{"embeddable":true,"href":"https:\/\/www.poseidoncalella.com\/ca\/wp-json\/wp\/v2\/comments?post=3634"}],"version-history":[{"count":0,"href":"https:\/\/www.poseidoncalella.com\/ca\/wp-json\/wp\/v2\/posts\/3634\/revisions"}],"wp:featuredmedia":[{"embeddable":true,"href":"https:\/\/www.poseidoncalella.com\/ca\/wp-json\/wp\/v2\/media\/3357"}],"wp:attachment":[{"href":"https:\/\/www.poseidoncalella.com\/ca\/wp-json\/wp\/v2\/media?parent=3634"}],"wp:term":[{"taxonomy":"category","embeddable":true,"href":"https:\/\/www.poseidoncalella.com\/ca\/wp-json\/wp\/v2\/categories?post=3634"},{"taxonomy":"post_tag","embeddable":true,"href":"https:\/\/www.poseidoncalella.com\/ca\/wp-json\/wp\/v2\/tags?post=3634"}],"curies":[{"name":"wp","href":"https:\/\/api.w.org\/{rel}","templated":true}]}}