{"id":3621,"date":"2021-06-02T13:32:24","date_gmt":"2021-06-02T11:32:24","guid":{"rendered":"https:\/\/www.poseidoncalella.com\/wordpress2\/les-llanternes-subaquatiques-per-illuminar-les-teves-immersions-a-calella-de-palafrugell\/"},"modified":"2021-06-02T13:32:24","modified_gmt":"2021-06-02T11:32:24","slug":"les-llanternes-subaquatiques-per-illuminar-les-teves-immersions-a-calella-de-palafrugell","status":"publish","type":"post","link":"https:\/\/www.poseidoncalella.com\/ca\/les-llanternes-subaquatiques-per-illuminar-les-teves-immersions-a-calella-de-palafrugell\/","title":{"rendered":"Les llanternes subaq\u00fc\u00e0tiques per il\u00b7luminar les teves immersions a Calella de Palafrugell"},"content":{"rendered":"<p>Si ja has practicat alguna immersi\u00f3 alguna vegada en la teva vida, sabr\u00e0s que la llum en el mar \u00e9s molt important i, conforme va augmentant la profunditat mentre practiquem submarinisme, la llum va baixant d&#8217;intensitat&#8230; l\u00f2gicament. Aqu\u00ed \u00e9s on entra en joc un accessori molt necessari: La llanterna. Encara que pugui semblar que \u00fanicament \u00e9s necess\u00e0ria en immersions profundes, \u00e9s interessant usar-la tant en apnea, com en\u00a0snorkel\u00a0o fins i tot amb ampolla.<\/p>\n<p>Com d\u00e8iem, la llum del sol en el mar va baixant per efecte difusi\u00f3 perqu\u00e8 el mar la va absorbint conforme anem descendint. Hi ha un altre factor que afecta a la transpar\u00e8ncia de l&#8217;aigua i al fet que siguin m\u00e9s o menys t\u00e8rboles, les costes amb aportacions fluvials de rius que desemboquen. Si, a m\u00e9s, existeixen corrents o onatge que provoquen que el sediment del s\u00f2l mar\u00ed estigui en constant moviment i es vegi tot molt m\u00e9s t\u00e8rbol.<\/p>\n<p>Tots aquests factors fan que els meravellosos colors del mar es vagin perdent, sobretot el vermell i el taronja. Com a dada, a partir dels 8 metres de profunditat, el vermell ja no som capa\u00e7os de percebre-ho aix\u00ed que, un peix que en la superf\u00edcie veur\u00edem de color vermell, a tanta profunditat no sabr\u00edem de quin color \u00e9s. Aqu\u00ed entra en joc la llanterna perqu\u00e8, il\u00b7luminant-ho amb aquesta, podrem tornar a veure com s&#8217;aviva el color i apreciarem el seu color vermell.<\/p>\n<p>D&#8217;aquesta forma, anem perdent colors conforme descendim en la nostra immersi\u00f3 fins a arribar als 150 metres aproximadament, moment en el qual la llum solar ja no \u00e9s capa\u00e7 de traspassar el color blau, que \u00e9s l&#8217;\u00faltim color a desapar\u00e8ixer, i tamb\u00e9 acaba perdent-se, quedant tot el fons mar\u00ed en una profunda foscor. Aix\u00f2 seria en condicions normals, per\u00f2 hi ha molts altres llocs molt menys profunds on s&#8217;arriba a la foscor gaireb\u00e9 total com llocs ombr\u00edvols o\u00a0grutes\u00a0que, sense una il\u00b7luminaci\u00f3 adequada per a la zona, no ser\u00edem capaces de percebre.<\/p>\n<div class=\"form-control second-textarea\">\n<p>La propera vegada que tornis a practicar submarinisme, recorda aquesta activitat: No et centris \u00fanicament en els peixos que veus al teu al voltant, tria una roca amb una\u00a0gruta\u00a0o cavitat fosca i descobreix totes les formes de vida que l&#8217;habiten.<\/p>\n<\/div>\n","protected":false},"excerpt":{"rendered":"<p>Si ja has practicat alguna immersi\u00f3 alguna vegada en la teva vida, sabr\u00e0s que la llum en el mar \u00e9s molt important i, conforme va [&hellip;]<\/p>\n","protected":false},"author":1,"featured_media":3279,"comment_status":"open","ping_status":"open","sticky":false,"template":"","format":"standard","meta":{"footnotes":""},"categories":[],"tags":[],"class_list":["post-3621","post","type-post","status-publish","format-standard","has-post-thumbnail","hentry"],"yoast_head":"<!-- This site is optimized with the Yoast SEO plugin v22.4 - https:\/\/yoast.com\/wordpress\/plugins\/seo\/ -->\n<title>Les llanternes subaq\u00fc\u00e0tiques per il\u00b7luminar les teves immersions a Calella de Palafrugell - Poseidon Calella<\/title>\n<meta name=\"robots\" content=\"index, follow, max-snippet:-1, max-image-preview:large, max-video-preview:-1\" \/>\n<link rel=\"canonical\" href=\"https:\/\/www.poseidoncalella.com\/ca\/les-llanternes-subaquatiques-per-illuminar-les-teves-immersions-a-calella-de-palafrugell\/\" \/>\n<meta property=\"og:locale\" content=\"es_ES\" \/>\n<meta property=\"og:type\" content=\"article\" \/>\n<meta property=\"og:title\" content=\"Les llanternes subaq\u00fc\u00e0tiques per il\u00b7luminar les teves immersions a Calella de Palafrugell - Poseidon Calella\" \/>\n<meta property=\"og:description\" content=\"Si ja has practicat alguna immersi\u00f3 alguna vegada en la teva vida, sabr\u00e0s que la llum en el mar \u00e9s molt important i, conforme va [&hellip;]\" \/>\n<meta property=\"og:url\" content=\"https:\/\/www.poseidoncalella.com\/ca\/les-llanternes-subaquatiques-per-illuminar-les-teves-immersions-a-calella-de-palafrugell\/\" \/>\n<meta property=\"og:site_name\" content=\"Poseidon Calella\" \/>\n<meta property=\"article:publisher\" content=\"https:\/\/www.facebook.com\/Poseidon.Calella\" \/>\n<meta property=\"article:published_time\" content=\"2021-06-02T11:32:24+00:00\" \/>\n<meta property=\"og:image\" content=\"https:\/\/www.poseidoncalella.com\/wordpress2\/wp-content\/uploads\/2021\/06\/poseidon-calella-palafrugell-girona-costa-brava-blog-las-linternas-subacuaticas-iluminar-tus-inmersiones.jpg\" \/>\n\t<meta property=\"og:image:width\" content=\"1280\" \/>\n\t<meta property=\"og:image:height\" content=\"875\" \/>\n\t<meta property=\"og:image:type\" content=\"image\/jpeg\" \/>\n<meta name=\"author\" content=\"gmcd\" \/>\n<meta name=\"twitter:card\" content=\"summary_large_image\" \/>\n<meta name=\"twitter:label1\" content=\"Written by\" \/>\n\t<meta name=\"twitter:data1\" content=\"gmcd\" \/>\n\t<meta name=\"twitter:label2\" content=\"Est. reading time\" \/>\n\t<meta name=\"twitter:data2\" content=\"2 minutes\" \/>\n<script type=\"application\/ld+json\" class=\"yoast-schema-graph\">{\"@context\":\"https:\/\/schema.org\",\"@graph\":[{\"@type\":\"Article\",\"@id\":\"https:\/\/www.poseidoncalella.com\/ca\/les-llanternes-subaquatiques-per-illuminar-les-teves-immersions-a-calella-de-palafrugell\/#article\",\"isPartOf\":{\"@id\":\"https:\/\/www.poseidoncalella.com\/ca\/les-llanternes-subaquatiques-per-illuminar-les-teves-immersions-a-calella-de-palafrugell\/\"},\"author\":{\"name\":\"gmcd\",\"@id\":\"https:\/\/www.poseidoncalella.com\/#\/schema\/person\/ce8d51a45783d9707ef6e9fafd6c9c24\"},\"headline\":\"Les llanternes subaq\u00fc\u00e0tiques per il\u00b7luminar les teves immersions a Calella de Palafrugell\",\"datePublished\":\"2021-06-02T11:32:24+00:00\",\"dateModified\":\"2021-06-02T11:32:24+00:00\",\"mainEntityOfPage\":{\"@id\":\"https:\/\/www.poseidoncalella.com\/ca\/les-llanternes-subaquatiques-per-illuminar-les-teves-immersions-a-calella-de-palafrugell\/\"},\"wordCount\":404,\"commentCount\":0,\"publisher\":{\"@id\":\"https:\/\/www.poseidoncalella.com\/#organization\"},\"image\":{\"@id\":\"https:\/\/www.poseidoncalella.com\/ca\/les-llanternes-subaquatiques-per-illuminar-les-teves-immersions-a-calella-de-palafrugell\/#primaryimage\"},\"thumbnailUrl\":\"https:\/\/www.poseidoncalella.com\/wordpress2\/wp-content\/uploads\/2021\/06\/poseidon-calella-palafrugell-girona-costa-brava-blog-las-linternas-subacuaticas-iluminar-tus-inmersiones.jpg\",\"inLanguage\":\"es-CA\",\"potentialAction\":[{\"@type\":\"CommentAction\",\"name\":\"Comment\",\"target\":[\"https:\/\/www.poseidoncalella.com\/ca\/les-llanternes-subaquatiques-per-illuminar-les-teves-immersions-a-calella-de-palafrugell\/#respond\"]}]},{\"@type\":\"WebPage\",\"@id\":\"https:\/\/www.poseidoncalella.com\/ca\/les-llanternes-subaquatiques-per-illuminar-les-teves-immersions-a-calella-de-palafrugell\/\",\"url\":\"https:\/\/www.poseidoncalella.com\/ca\/les-llanternes-subaquatiques-per-illuminar-les-teves-immersions-a-calella-de-palafrugell\/\",\"name\":\"Les llanternes subaq\u00fc\u00e0tiques per il\u00b7luminar les teves immersions a Calella de Palafrugell - Poseidon Calella\",\"isPartOf\":{\"@id\":\"https:\/\/www.poseidoncalella.com\/#website\"},\"primaryImageOfPage\":{\"@id\":\"https:\/\/www.poseidoncalella.com\/ca\/les-llanternes-subaquatiques-per-illuminar-les-teves-immersions-a-calella-de-palafrugell\/#primaryimage\"},\"image\":{\"@id\":\"https:\/\/www.poseidoncalella.com\/ca\/les-llanternes-subaquatiques-per-illuminar-les-teves-immersions-a-calella-de-palafrugell\/#primaryimage\"},\"thumbnailUrl\":\"https:\/\/www.poseidoncalella.com\/wordpress2\/wp-content\/uploads\/2021\/06\/poseidon-calella-palafrugell-girona-costa-brava-blog-las-linternas-subacuaticas-iluminar-tus-inmersiones.jpg\",\"datePublished\":\"2021-06-02T11:32:24+00:00\",\"dateModified\":\"2021-06-02T11:32:24+00:00\",\"breadcrumb\":{\"@id\":\"https:\/\/www.poseidoncalella.com\/ca\/les-llanternes-subaquatiques-per-illuminar-les-teves-immersions-a-calella-de-palafrugell\/#breadcrumb\"},\"inLanguage\":\"es-CA\",\"potentialAction\":[{\"@type\":\"ReadAction\",\"target\":[\"https:\/\/www.poseidoncalella.com\/ca\/les-llanternes-subaquatiques-per-illuminar-les-teves-immersions-a-calella-de-palafrugell\/\"]}]},{\"@type\":\"ImageObject\",\"inLanguage\":\"es-CA\",\"@id\":\"https:\/\/www.poseidoncalella.com\/ca\/les-llanternes-subaquatiques-per-illuminar-les-teves-immersions-a-calella-de-palafrugell\/#primaryimage\",\"url\":\"https:\/\/www.poseidoncalella.com\/wordpress2\/wp-content\/uploads\/2021\/06\/poseidon-calella-palafrugell-girona-costa-brava-blog-las-linternas-subacuaticas-iluminar-tus-inmersiones.jpg\",\"contentUrl\":\"https:\/\/www.poseidoncalella.com\/wordpress2\/wp-content\/uploads\/2021\/06\/poseidon-calella-palafrugell-girona-costa-brava-blog-las-linternas-subacuaticas-iluminar-tus-inmersiones.jpg\",\"width\":1280,\"height\":875},{\"@type\":\"BreadcrumbList\",\"@id\":\"https:\/\/www.poseidoncalella.com\/ca\/les-llanternes-subaquatiques-per-illuminar-les-teves-immersions-a-calella-de-palafrugell\/#breadcrumb\",\"itemListElement\":[{\"@type\":\"ListItem\",\"position\":1,\"name\":\"Portada\",\"item\":\"https:\/\/www.poseidoncalella.com\/ca\/\"},{\"@type\":\"ListItem\",\"position\":2,\"name\":\"Les llanternes subaq\u00fc\u00e0tiques per il\u00b7luminar les teves immersions a Calella de Palafrugell\"}]},{\"@type\":\"WebSite\",\"@id\":\"https:\/\/www.poseidoncalella.com\/#website\",\"url\":\"https:\/\/www.poseidoncalella.com\/\",\"name\":\"Poseidon Calella\",\"description\":\"Centre de busseig situat a Palafrugell, a la Costa Brava\",\"publisher\":{\"@id\":\"https:\/\/www.poseidoncalella.com\/#organization\"},\"potentialAction\":[{\"@type\":\"SearchAction\",\"target\":{\"@type\":\"EntryPoint\",\"urlTemplate\":\"https:\/\/www.poseidoncalella.com\/?s={search_term_string}\"},\"query-input\":\"required name=search_term_string\"}],\"inLanguage\":\"es-CA\"},{\"@type\":\"Organization\",\"@id\":\"https:\/\/www.poseidoncalella.com\/#organization\",\"name\":\"Poseidon Diving\",\"alternateName\":\"Poseidon Calella\",\"url\":\"https:\/\/www.poseidoncalella.com\/\",\"logo\":{\"@type\":\"ImageObject\",\"inLanguage\":\"es-CA\",\"@id\":\"https:\/\/www.poseidoncalella.com\/#\/schema\/logo\/image\/\",\"url\":\"https:\/\/www.poseidoncalella.com\/wordpress2\/wp-content\/uploads\/2021\/06\/cropped-favicon-1-180x180-1.png\",\"contentUrl\":\"https:\/\/www.poseidoncalella.com\/wordpress2\/wp-content\/uploads\/2021\/06\/cropped-favicon-1-180x180-1.png\",\"width\":180,\"height\":180,\"caption\":\"Poseidon Diving\"},\"image\":{\"@id\":\"https:\/\/www.poseidoncalella.com\/#\/schema\/logo\/image\/\"},\"sameAs\":[\"https:\/\/www.facebook.com\/Poseidon.Calella\",\"https:\/\/www.instagram.com\/poseidoncostabrava\/\"]},{\"@type\":\"Person\",\"@id\":\"https:\/\/www.poseidoncalella.com\/#\/schema\/person\/ce8d51a45783d9707ef6e9fafd6c9c24\",\"name\":\"gmcd\",\"image\":{\"@type\":\"ImageObject\",\"inLanguage\":\"es-CA\",\"@id\":\"https:\/\/www.poseidoncalella.com\/#\/schema\/person\/image\/\",\"url\":\"https:\/\/secure.gravatar.com\/avatar\/304131056b498676612e689bad60e29ba3233997948b9c963f6886ac23b02bb1?s=96&d=mm&r=g\",\"contentUrl\":\"https:\/\/secure.gravatar.com\/avatar\/304131056b498676612e689bad60e29ba3233997948b9c963f6886ac23b02bb1?s=96&d=mm&r=g\",\"caption\":\"gmcd\"},\"sameAs\":[\"https:\/\/www.poseidoncalella.com\/wordpress2\"],\"url\":\"https:\/\/www.poseidoncalella.com\/ca\/author\/gmcd\/\"}]}<\/script>\n<!-- \/ Yoast SEO plugin. -->","yoast_head_json":{"title":"Les llanternes subaq\u00fc\u00e0tiques per il\u00b7luminar les teves immersions a Calella de Palafrugell - Poseidon Calella","robots":{"index":"index","follow":"follow","max-snippet":"max-snippet:-1","max-image-preview":"max-image-preview:large","max-video-preview":"max-video-preview:-1"},"canonical":"https:\/\/www.poseidoncalella.com\/ca\/les-llanternes-subaquatiques-per-illuminar-les-teves-immersions-a-calella-de-palafrugell\/","og_locale":"es_ES","og_type":"article","og_title":"Les llanternes subaq\u00fc\u00e0tiques per il\u00b7luminar les teves immersions a Calella de Palafrugell - Poseidon Calella","og_description":"Si ja has practicat alguna immersi\u00f3 alguna vegada en la teva vida, sabr\u00e0s que la llum en el mar \u00e9s molt important i, conforme va [&hellip;]","og_url":"https:\/\/www.poseidoncalella.com\/ca\/les-llanternes-subaquatiques-per-illuminar-les-teves-immersions-a-calella-de-palafrugell\/","og_site_name":"Poseidon Calella","article_publisher":"https:\/\/www.facebook.com\/Poseidon.Calella","article_published_time":"2021-06-02T11:32:24+00:00","og_image":[{"width":1280,"height":875,"url":"https:\/\/www.poseidoncalella.com\/wordpress2\/wp-content\/uploads\/2021\/06\/poseidon-calella-palafrugell-girona-costa-brava-blog-las-linternas-subacuaticas-iluminar-tus-inmersiones.jpg","type":"image\/jpeg"}],"author":"gmcd","twitter_card":"summary_large_image","twitter_misc":{"Written by":"gmcd","Est. reading time":"2 minutes"},"schema":{"@context":"https:\/\/schema.org","@graph":[{"@type":"Article","@id":"https:\/\/www.poseidoncalella.com\/ca\/les-llanternes-subaquatiques-per-illuminar-les-teves-immersions-a-calella-de-palafrugell\/#article","isPartOf":{"@id":"https:\/\/www.poseidoncalella.com\/ca\/les-llanternes-subaquatiques-per-illuminar-les-teves-immersions-a-calella-de-palafrugell\/"},"author":{"name":"gmcd","@id":"https:\/\/www.poseidoncalella.com\/#\/schema\/person\/ce8d51a45783d9707ef6e9fafd6c9c24"},"headline":"Les llanternes subaq\u00fc\u00e0tiques per il\u00b7luminar les teves immersions a Calella de Palafrugell","datePublished":"2021-06-02T11:32:24+00:00","dateModified":"2021-06-02T11:32:24+00:00","mainEntityOfPage":{"@id":"https:\/\/www.poseidoncalella.com\/ca\/les-llanternes-subaquatiques-per-illuminar-les-teves-immersions-a-calella-de-palafrugell\/"},"wordCount":404,"commentCount":0,"publisher":{"@id":"https:\/\/www.poseidoncalella.com\/#organization"},"image":{"@id":"https:\/\/www.poseidoncalella.com\/ca\/les-llanternes-subaquatiques-per-illuminar-les-teves-immersions-a-calella-de-palafrugell\/#primaryimage"},"thumbnailUrl":"https:\/\/www.poseidoncalella.com\/wordpress2\/wp-content\/uploads\/2021\/06\/poseidon-calella-palafrugell-girona-costa-brava-blog-las-linternas-subacuaticas-iluminar-tus-inmersiones.jpg","inLanguage":"es-CA","potentialAction":[{"@type":"CommentAction","name":"Comment","target":["https:\/\/www.poseidoncalella.com\/ca\/les-llanternes-subaquatiques-per-illuminar-les-teves-immersions-a-calella-de-palafrugell\/#respond"]}]},{"@type":"WebPage","@id":"https:\/\/www.poseidoncalella.com\/ca\/les-llanternes-subaquatiques-per-illuminar-les-teves-immersions-a-calella-de-palafrugell\/","url":"https:\/\/www.poseidoncalella.com\/ca\/les-llanternes-subaquatiques-per-illuminar-les-teves-immersions-a-calella-de-palafrugell\/","name":"Les llanternes subaq\u00fc\u00e0tiques per il\u00b7luminar les teves immersions a Calella de Palafrugell - Poseidon Calella","isPartOf":{"@id":"https:\/\/www.poseidoncalella.com\/#website"},"primaryImageOfPage":{"@id":"https:\/\/www.poseidoncalella.com\/ca\/les-llanternes-subaquatiques-per-illuminar-les-teves-immersions-a-calella-de-palafrugell\/#primaryimage"},"image":{"@id":"https:\/\/www.poseidoncalella.com\/ca\/les-llanternes-subaquatiques-per-illuminar-les-teves-immersions-a-calella-de-palafrugell\/#primaryimage"},"thumbnailUrl":"https:\/\/www.poseidoncalella.com\/wordpress2\/wp-content\/uploads\/2021\/06\/poseidon-calella-palafrugell-girona-costa-brava-blog-las-linternas-subacuaticas-iluminar-tus-inmersiones.jpg","datePublished":"2021-06-02T11:32:24+00:00","dateModified":"2021-06-02T11:32:24+00:00","breadcrumb":{"@id":"https:\/\/www.poseidoncalella.com\/ca\/les-llanternes-subaquatiques-per-illuminar-les-teves-immersions-a-calella-de-palafrugell\/#breadcrumb"},"inLanguage":"es-CA","potentialAction":[{"@type":"ReadAction","target":["https:\/\/www.poseidoncalella.com\/ca\/les-llanternes-subaquatiques-per-illuminar-les-teves-immersions-a-calella-de-palafrugell\/"]}]},{"@type":"ImageObject","inLanguage":"es-CA","@id":"https:\/\/www.poseidoncalella.com\/ca\/les-llanternes-subaquatiques-per-illuminar-les-teves-immersions-a-calella-de-palafrugell\/#primaryimage","url":"https:\/\/www.poseidoncalella.com\/wordpress2\/wp-content\/uploads\/2021\/06\/poseidon-calella-palafrugell-girona-costa-brava-blog-las-linternas-subacuaticas-iluminar-tus-inmersiones.jpg","contentUrl":"https:\/\/www.poseidoncalella.com\/wordpress2\/wp-content\/uploads\/2021\/06\/poseidon-calella-palafrugell-girona-costa-brava-blog-las-linternas-subacuaticas-iluminar-tus-inmersiones.jpg","width":1280,"height":875},{"@type":"BreadcrumbList","@id":"https:\/\/www.poseidoncalella.com\/ca\/les-llanternes-subaquatiques-per-illuminar-les-teves-immersions-a-calella-de-palafrugell\/#breadcrumb","itemListElement":[{"@type":"ListItem","position":1,"name":"Portada","item":"https:\/\/www.poseidoncalella.com\/ca\/"},{"@type":"ListItem","position":2,"name":"Les llanternes subaq\u00fc\u00e0tiques per il\u00b7luminar les teves immersions a Calella de Palafrugell"}]},{"@type":"WebSite","@id":"https:\/\/www.poseidoncalella.com\/#website","url":"https:\/\/www.poseidoncalella.com\/","name":"Poseidon Calella","description":"Centre de busseig situat a Palafrugell, a la Costa Brava","publisher":{"@id":"https:\/\/www.poseidoncalella.com\/#organization"},"potentialAction":[{"@type":"SearchAction","target":{"@type":"EntryPoint","urlTemplate":"https:\/\/www.poseidoncalella.com\/?s={search_term_string}"},"query-input":"required name=search_term_string"}],"inLanguage":"es-CA"},{"@type":"Organization","@id":"https:\/\/www.poseidoncalella.com\/#organization","name":"Poseidon Diving","alternateName":"Poseidon Calella","url":"https:\/\/www.poseidoncalella.com\/","logo":{"@type":"ImageObject","inLanguage":"es-CA","@id":"https:\/\/www.poseidoncalella.com\/#\/schema\/logo\/image\/","url":"https:\/\/www.poseidoncalella.com\/wordpress2\/wp-content\/uploads\/2021\/06\/cropped-favicon-1-180x180-1.png","contentUrl":"https:\/\/www.poseidoncalella.com\/wordpress2\/wp-content\/uploads\/2021\/06\/cropped-favicon-1-180x180-1.png","width":180,"height":180,"caption":"Poseidon Diving"},"image":{"@id":"https:\/\/www.poseidoncalella.com\/#\/schema\/logo\/image\/"},"sameAs":["https:\/\/www.facebook.com\/Poseidon.Calella","https:\/\/www.instagram.com\/poseidoncostabrava\/"]},{"@type":"Person","@id":"https:\/\/www.poseidoncalella.com\/#\/schema\/person\/ce8d51a45783d9707ef6e9fafd6c9c24","name":"gmcd","image":{"@type":"ImageObject","inLanguage":"es-CA","@id":"https:\/\/www.poseidoncalella.com\/#\/schema\/person\/image\/","url":"https:\/\/secure.gravatar.com\/avatar\/304131056b498676612e689bad60e29ba3233997948b9c963f6886ac23b02bb1?s=96&d=mm&r=g","contentUrl":"https:\/\/secure.gravatar.com\/avatar\/304131056b498676612e689bad60e29ba3233997948b9c963f6886ac23b02bb1?s=96&d=mm&r=g","caption":"gmcd"},"sameAs":["https:\/\/www.poseidoncalella.com\/wordpress2"],"url":"https:\/\/www.poseidoncalella.com\/ca\/author\/gmcd\/"}]}},"_links":{"self":[{"href":"https:\/\/www.poseidoncalella.com\/ca\/wp-json\/wp\/v2\/posts\/3621","targetHints":{"allow":["GET"]}}],"collection":[{"href":"https:\/\/www.poseidoncalella.com\/ca\/wp-json\/wp\/v2\/posts"}],"about":[{"href":"https:\/\/www.poseidoncalella.com\/ca\/wp-json\/wp\/v2\/types\/post"}],"author":[{"embeddable":true,"href":"https:\/\/www.poseidoncalella.com\/ca\/wp-json\/wp\/v2\/users\/1"}],"replies":[{"embeddable":true,"href":"https:\/\/www.poseidoncalella.com\/ca\/wp-json\/wp\/v2\/comments?post=3621"}],"version-history":[{"count":0,"href":"https:\/\/www.poseidoncalella.com\/ca\/wp-json\/wp\/v2\/posts\/3621\/revisions"}],"wp:featuredmedia":[{"embeddable":true,"href":"https:\/\/www.poseidoncalella.com\/ca\/wp-json\/wp\/v2\/media\/3279"}],"wp:attachment":[{"href":"https:\/\/www.poseidoncalella.com\/ca\/wp-json\/wp\/v2\/media?parent=3621"}],"wp:term":[{"taxonomy":"category","embeddable":true,"href":"https:\/\/www.poseidoncalella.com\/ca\/wp-json\/wp\/v2\/categories?post=3621"},{"taxonomy":"post_tag","embeddable":true,"href":"https:\/\/www.poseidoncalella.com\/ca\/wp-json\/wp\/v2\/tags?post=3621"}],"curies":[{"name":"wp","href":"https:\/\/api.w.org\/{rel}","templated":true}]}}