{"id":3612,"date":"2021-06-02T13:32:22","date_gmt":"2021-06-02T11:32:22","guid":{"rendered":"https:\/\/www.poseidoncalella.com\/wordpress2\/el-primer-bateig-en-submarinisme-a-calella-de-palafrugell-costa-brava\/"},"modified":"2021-06-02T13:32:22","modified_gmt":"2021-06-02T11:32:22","slug":"el-primer-bateig-en-submarinisme-a-calella-de-palafrugell-costa-brava","status":"publish","type":"post","link":"https:\/\/www.poseidoncalella.com\/ca\/el-primer-bateig-en-submarinisme-a-calella-de-palafrugell-costa-brava\/","title":{"rendered":"El primer bateig en submarinisme a Calella de Palafrugell, Costa Brava"},"content":{"rendered":"<p>El m\u00e9s normal quan t&#8217;endinses al m\u00f3n del <strong>submarinisme en la Costa Brava<\/strong> \u00e9s iniciar-te amb un <strong>bateig<\/strong> per provar, veure si t&#8217;agrada o si li tens por a aquesta nova pr\u00e0ctica. Cal fer-ho en les condicions \u00f2ptimes perqu\u00e8 aquesta nova experi\u00e8ncia sigui perfecta adaptant-se a les condicions clim\u00e0tiques, \u00e8poca de l&#8217;any, temperatura de l&#8217;aigua, visibilitat, flora i fauna i algunes altres coses m\u00e9s.<\/p>\n<p>Un possible inconvenient posterior a practicar un <strong>bateig a Calella de Palafrugell<\/strong> pot ser fer-ho un dia amb poca visibilitat, mala mar o temperatures fredes. Per evitar acabar frustrat el millor \u00e9s informar-se en algun centre expert com <strong>Poseidon Calella<\/strong> situat a <strong>Palafrugell<\/strong>, en el cor de la <strong>Costa Brava<\/strong>.<\/p>\n<p>En ser un m\u00f3n nou, tot semblar\u00e0 estrany des del primer moment en el qual ens col\u00b7loquem el neopr\u00e8, ens estrenyer\u00e0, estarem nerviosos i ens bombardejaran a informaci\u00f3, normes, material, senyals i possibles situacions adverses en les quals cal estar molt atent per evitar qualsevol possible contratemps o, si m\u00e9s no, resoldre-ho amb solv\u00e8ncia.<\/p>\n<p>B\u00e0sicament us presentaran l&#8217;equip, com funciona i se us assignar\u00e0 un guia per indicar-vos a cada moment el que cal anar fent. \u00c9s important tenir molt clares els senyals com el OK, pujar, baixar o no em trobo b\u00e9 aix\u00ed com saber indicar el mesurament del man\u00f2metre sempre que practiquem un <strong>bateig a la platja de Calella de Palafrugell<\/strong>.<\/p>\n<h3>L&#8217;equip en una immersi\u00f3 de bateig<\/h3>\n<p>Ens aniran ensenyant com col\u00b7locar-nos l&#8217;equip, fer les comprovacions oportunes de tots els elements de seguretat per\u00f2 d&#8217;una forma m\u00e9s senzilla de com ho faries si realitzessis una immersi\u00f3 normal i corrent. En els batejos de submarinisme s&#8217;intenta baixar el nivell de nervis i estr\u00e8s perqu\u00e8 puguis relaxar-te i gaudir plenament de la immersi\u00f3 mentre \u00e9s el guia el que est\u00e0 100% pendent de tu.<\/p>\n<p>Al moment en el qual et posis dempeus, notar\u00e0s que tot et pesa&#8230; el neopr\u00e8 t&#8217;estreny i no saps ni caminar si \u00e9s que t&#8217;has posat les aletes abans d&#8217;hora. Si vas a sortir amb vaixell en comptes de llanxa pneum\u00e0tica, el normal \u00e9s posar-se les aletes o que t&#8217;ajudin a posar-te-les en l&#8217;instant anterior a tirar-te al mar per anar m\u00e9s c\u00f2modes en aquesta nova situaci\u00f3: El <strong>bateig en la Costa Brava<\/strong>.<\/p>\n<h3>El moment de saltar en el bateig de submarinisme<\/h3>\n<p>Aquest moment en el qual realment t&#8217;estrenes en un <strong>bateig de submarinisme a Calella de Palafrugell<\/strong> \u00e9s quan et sentis en la vora de la pilota i et diuen que et deixis caure d&#8217;esquena, col\u00b7locant-te pr\u00e8viament la m\u00e0scara, a la qual abans li haurem aplicat algun m\u00e8tode perqu\u00e8 no s&#8217;enteli, que subjectis el regulador, que tancaments els ulls i simplement et deixis caure. Aqu\u00ed \u00e9s quan comences a veure bombolles mentre pots seguir respirant, sense que es fiqui aigua en el nas.<\/p>\n<p>Si vas acompanyat, aniran baixant la resta de companys i llavors ser\u00e0 quan podr\u00e0s desinflar el jacket i comen\u00e7ar\u00e0 el descens pel cap mentre vas notant com puja la pressi\u00f3 de l&#8217;aigua notant-ho sobretot en les o\u00efdes. Ja t&#8217;hauran ensenyat la t\u00e8cnica de bufar pel nas perqu\u00e8 la m\u00e0scara no estrenyi massa per aquesta compressi\u00f3 i, a m\u00e9s, tornar a fer-ho amb el nas tapat per compensar aquest aire.<\/p>\n<p>Una vegada has arribat a baix haur\u00e0s de recordar les indicacions de l&#8217;instructor: Una vegada comencem el <strong>bateig submar\u00ed en la Costa Brava<\/strong>, cal posar-se de genolls gens m\u00e9s arribar al fons mar\u00ed. En aquest mateix instant ja estem on vol\u00edem i veiem que si mantenim la calma i fem les coses tranquil\u00b7lament, tot anir\u00e0 b\u00e9. Si infles una mica les bufetes de la teva armilla i posteriorment els teus pulmons, et fa sentir que t&#8217;eleves lleugerament. Si desinflas els teus pulmons, baixar\u00e0s. Inspira i avan\u00e7a mentre vas movent les cames. Sembla dif\u00edcil per\u00f2 \u00e9s agafar la pr\u00e0ctica.<\/p>\n<p>En haver realitzat el <strong>bateig a Calella de Palafrugell<\/strong> per primera vegada t&#8217;adonar\u00e0s que estem m\u00e9s pendents dels nostres moviments, eines, mantenir l&#8217;equilibri i surar de forma correcta que del que ens envolta. Quan passa una estona i et vas acomodant a aquesta nova situaci\u00f3, et concentres en la teva respiraci\u00f3 i en el teu entorn. Aqu\u00ed comences a veure les bombolles ascendint a la superf\u00edcie, situes als companys mentre us aneu assenyalant m\u00fatuament els bancs de peixos que van apareixent.<\/p>\n<h3>Material i eines en un bateig<\/h3>\n<p>Cal tenir en compte que hi ha &#8220;coses&#8221; en el fons mar\u00ed que poden danyar-te com podria ser-ho un p\u00e8l urticant. \u00c9s essencial anar protegits amb uns guants i una caputxa, per exemple, per evitar el frec amb les roques, que puguis tocar alguna medusa o punxar-te en tocar sense voler algun eri\u00e7\u00f3.<\/p>\n","protected":false},"excerpt":{"rendered":"<p>El m\u00e9s normal quan t&#8217;endinses al m\u00f3n del submarinisme en la Costa Brava \u00e9s iniciar-te amb un bateig per provar, veure si t&#8217;agrada o si [&hellip;]<\/p>\n","protected":false},"author":1,"featured_media":3225,"comment_status":"open","ping_status":"open","sticky":false,"template":"","format":"standard","meta":{"footnotes":""},"categories":[],"tags":[],"class_list":["post-3612","post","type-post","status-publish","format-standard","has-post-thumbnail","hentry"],"yoast_head":"<!-- This site is optimized with the Yoast SEO plugin v22.4 - https:\/\/yoast.com\/wordpress\/plugins\/seo\/ -->\n<title>El primer bateig en submarinisme a Calella de Palafrugell, Costa Brava - Poseidon Calella<\/title>\n<meta name=\"robots\" content=\"index, follow, max-snippet:-1, max-image-preview:large, max-video-preview:-1\" \/>\n<link rel=\"canonical\" href=\"https:\/\/www.poseidoncalella.com\/ca\/el-primer-bateig-en-submarinisme-a-calella-de-palafrugell-costa-brava\/\" \/>\n<meta property=\"og:locale\" content=\"es_ES\" \/>\n<meta property=\"og:type\" content=\"article\" \/>\n<meta property=\"og:title\" content=\"El primer bateig en submarinisme a Calella de Palafrugell, Costa Brava - Poseidon Calella\" \/>\n<meta property=\"og:description\" content=\"El m\u00e9s normal quan t&#8217;endinses al m\u00f3n del submarinisme en la Costa Brava \u00e9s iniciar-te amb un bateig per provar, veure si t&#8217;agrada o si [&hellip;]\" \/>\n<meta property=\"og:url\" content=\"https:\/\/www.poseidoncalella.com\/ca\/el-primer-bateig-en-submarinisme-a-calella-de-palafrugell-costa-brava\/\" \/>\n<meta property=\"og:site_name\" content=\"Poseidon Calella\" \/>\n<meta property=\"article:publisher\" content=\"https:\/\/www.facebook.com\/Poseidon.Calella\" \/>\n<meta property=\"article:published_time\" content=\"2021-06-02T11:32:22+00:00\" \/>\n<meta property=\"og:image\" content=\"https:\/\/www.poseidoncalella.com\/wordpress2\/wp-content\/uploads\/2021\/06\/poseidon-calella-girona-llafranc-primer-bautizo-submarinismo-calella-palafrugell-costa-brava.jpg\" \/>\n\t<meta property=\"og:image:width\" content=\"1200\" \/>\n\t<meta property=\"og:image:height\" content=\"400\" \/>\n\t<meta property=\"og:image:type\" content=\"image\/jpeg\" \/>\n<meta name=\"author\" content=\"gmcd\" \/>\n<meta name=\"twitter:card\" content=\"summary_large_image\" \/>\n<meta name=\"twitter:label1\" content=\"Written by\" \/>\n\t<meta name=\"twitter:data1\" content=\"gmcd\" \/>\n\t<meta name=\"twitter:label2\" content=\"Est. reading time\" \/>\n\t<meta name=\"twitter:data2\" content=\"4 minutes\" \/>\n<script type=\"application\/ld+json\" class=\"yoast-schema-graph\">{\"@context\":\"https:\/\/schema.org\",\"@graph\":[{\"@type\":\"Article\",\"@id\":\"https:\/\/www.poseidoncalella.com\/ca\/el-primer-bateig-en-submarinisme-a-calella-de-palafrugell-costa-brava\/#article\",\"isPartOf\":{\"@id\":\"https:\/\/www.poseidoncalella.com\/ca\/el-primer-bateig-en-submarinisme-a-calella-de-palafrugell-costa-brava\/\"},\"author\":{\"name\":\"gmcd\",\"@id\":\"https:\/\/www.poseidoncalella.com\/#\/schema\/person\/ce8d51a45783d9707ef6e9fafd6c9c24\"},\"headline\":\"El primer bateig en submarinisme a Calella de Palafrugell, Costa Brava\",\"datePublished\":\"2021-06-02T11:32:22+00:00\",\"dateModified\":\"2021-06-02T11:32:22+00:00\",\"mainEntityOfPage\":{\"@id\":\"https:\/\/www.poseidoncalella.com\/ca\/el-primer-bateig-en-submarinisme-a-calella-de-palafrugell-costa-brava\/\"},\"wordCount\":821,\"commentCount\":0,\"publisher\":{\"@id\":\"https:\/\/www.poseidoncalella.com\/#organization\"},\"image\":{\"@id\":\"https:\/\/www.poseidoncalella.com\/ca\/el-primer-bateig-en-submarinisme-a-calella-de-palafrugell-costa-brava\/#primaryimage\"},\"thumbnailUrl\":\"https:\/\/www.poseidoncalella.com\/wordpress2\/wp-content\/uploads\/2021\/06\/poseidon-calella-girona-llafranc-primer-bautizo-submarinismo-calella-palafrugell-costa-brava.jpg\",\"inLanguage\":\"es-CA\",\"potentialAction\":[{\"@type\":\"CommentAction\",\"name\":\"Comment\",\"target\":[\"https:\/\/www.poseidoncalella.com\/ca\/el-primer-bateig-en-submarinisme-a-calella-de-palafrugell-costa-brava\/#respond\"]}]},{\"@type\":\"WebPage\",\"@id\":\"https:\/\/www.poseidoncalella.com\/ca\/el-primer-bateig-en-submarinisme-a-calella-de-palafrugell-costa-brava\/\",\"url\":\"https:\/\/www.poseidoncalella.com\/ca\/el-primer-bateig-en-submarinisme-a-calella-de-palafrugell-costa-brava\/\",\"name\":\"El primer bateig en submarinisme a Calella de Palafrugell, Costa Brava - Poseidon Calella\",\"isPartOf\":{\"@id\":\"https:\/\/www.poseidoncalella.com\/#website\"},\"primaryImageOfPage\":{\"@id\":\"https:\/\/www.poseidoncalella.com\/ca\/el-primer-bateig-en-submarinisme-a-calella-de-palafrugell-costa-brava\/#primaryimage\"},\"image\":{\"@id\":\"https:\/\/www.poseidoncalella.com\/ca\/el-primer-bateig-en-submarinisme-a-calella-de-palafrugell-costa-brava\/#primaryimage\"},\"thumbnailUrl\":\"https:\/\/www.poseidoncalella.com\/wordpress2\/wp-content\/uploads\/2021\/06\/poseidon-calella-girona-llafranc-primer-bautizo-submarinismo-calella-palafrugell-costa-brava.jpg\",\"datePublished\":\"2021-06-02T11:32:22+00:00\",\"dateModified\":\"2021-06-02T11:32:22+00:00\",\"breadcrumb\":{\"@id\":\"https:\/\/www.poseidoncalella.com\/ca\/el-primer-bateig-en-submarinisme-a-calella-de-palafrugell-costa-brava\/#breadcrumb\"},\"inLanguage\":\"es-CA\",\"potentialAction\":[{\"@type\":\"ReadAction\",\"target\":[\"https:\/\/www.poseidoncalella.com\/ca\/el-primer-bateig-en-submarinisme-a-calella-de-palafrugell-costa-brava\/\"]}]},{\"@type\":\"ImageObject\",\"inLanguage\":\"es-CA\",\"@id\":\"https:\/\/www.poseidoncalella.com\/ca\/el-primer-bateig-en-submarinisme-a-calella-de-palafrugell-costa-brava\/#primaryimage\",\"url\":\"https:\/\/www.poseidoncalella.com\/wordpress2\/wp-content\/uploads\/2021\/06\/poseidon-calella-girona-llafranc-primer-bautizo-submarinismo-calella-palafrugell-costa-brava.jpg\",\"contentUrl\":\"https:\/\/www.poseidoncalella.com\/wordpress2\/wp-content\/uploads\/2021\/06\/poseidon-calella-girona-llafranc-primer-bautizo-submarinismo-calella-palafrugell-costa-brava.jpg\",\"width\":1200,\"height\":400},{\"@type\":\"BreadcrumbList\",\"@id\":\"https:\/\/www.poseidoncalella.com\/ca\/el-primer-bateig-en-submarinisme-a-calella-de-palafrugell-costa-brava\/#breadcrumb\",\"itemListElement\":[{\"@type\":\"ListItem\",\"position\":1,\"name\":\"Portada\",\"item\":\"https:\/\/www.poseidoncalella.com\/ca\/\"},{\"@type\":\"ListItem\",\"position\":2,\"name\":\"El primer bateig en submarinisme a Calella de Palafrugell, Costa Brava\"}]},{\"@type\":\"WebSite\",\"@id\":\"https:\/\/www.poseidoncalella.com\/#website\",\"url\":\"https:\/\/www.poseidoncalella.com\/\",\"name\":\"Poseidon Calella\",\"description\":\"Centre de busseig situat a Palafrugell, a la Costa Brava\",\"publisher\":{\"@id\":\"https:\/\/www.poseidoncalella.com\/#organization\"},\"potentialAction\":[{\"@type\":\"SearchAction\",\"target\":{\"@type\":\"EntryPoint\",\"urlTemplate\":\"https:\/\/www.poseidoncalella.com\/?s={search_term_string}\"},\"query-input\":\"required name=search_term_string\"}],\"inLanguage\":\"es-CA\"},{\"@type\":\"Organization\",\"@id\":\"https:\/\/www.poseidoncalella.com\/#organization\",\"name\":\"Poseidon Diving\",\"alternateName\":\"Poseidon Calella\",\"url\":\"https:\/\/www.poseidoncalella.com\/\",\"logo\":{\"@type\":\"ImageObject\",\"inLanguage\":\"es-CA\",\"@id\":\"https:\/\/www.poseidoncalella.com\/#\/schema\/logo\/image\/\",\"url\":\"https:\/\/www.poseidoncalella.com\/wordpress2\/wp-content\/uploads\/2021\/06\/cropped-favicon-1-180x180-1.png\",\"contentUrl\":\"https:\/\/www.poseidoncalella.com\/wordpress2\/wp-content\/uploads\/2021\/06\/cropped-favicon-1-180x180-1.png\",\"width\":180,\"height\":180,\"caption\":\"Poseidon Diving\"},\"image\":{\"@id\":\"https:\/\/www.poseidoncalella.com\/#\/schema\/logo\/image\/\"},\"sameAs\":[\"https:\/\/www.facebook.com\/Poseidon.Calella\",\"https:\/\/www.instagram.com\/poseidoncostabrava\/\"]},{\"@type\":\"Person\",\"@id\":\"https:\/\/www.poseidoncalella.com\/#\/schema\/person\/ce8d51a45783d9707ef6e9fafd6c9c24\",\"name\":\"gmcd\",\"image\":{\"@type\":\"ImageObject\",\"inLanguage\":\"es-CA\",\"@id\":\"https:\/\/www.poseidoncalella.com\/#\/schema\/person\/image\/\",\"url\":\"https:\/\/secure.gravatar.com\/avatar\/304131056b498676612e689bad60e29ba3233997948b9c963f6886ac23b02bb1?s=96&d=mm&r=g\",\"contentUrl\":\"https:\/\/secure.gravatar.com\/avatar\/304131056b498676612e689bad60e29ba3233997948b9c963f6886ac23b02bb1?s=96&d=mm&r=g\",\"caption\":\"gmcd\"},\"sameAs\":[\"https:\/\/www.poseidoncalella.com\/wordpress2\"],\"url\":\"https:\/\/www.poseidoncalella.com\/ca\/author\/gmcd\/\"}]}<\/script>\n<!-- \/ Yoast SEO plugin. -->","yoast_head_json":{"title":"El primer bateig en submarinisme a Calella de Palafrugell, Costa Brava - Poseidon Calella","robots":{"index":"index","follow":"follow","max-snippet":"max-snippet:-1","max-image-preview":"max-image-preview:large","max-video-preview":"max-video-preview:-1"},"canonical":"https:\/\/www.poseidoncalella.com\/ca\/el-primer-bateig-en-submarinisme-a-calella-de-palafrugell-costa-brava\/","og_locale":"es_ES","og_type":"article","og_title":"El primer bateig en submarinisme a Calella de Palafrugell, Costa Brava - Poseidon Calella","og_description":"El m\u00e9s normal quan t&#8217;endinses al m\u00f3n del submarinisme en la Costa Brava \u00e9s iniciar-te amb un bateig per provar, veure si t&#8217;agrada o si [&hellip;]","og_url":"https:\/\/www.poseidoncalella.com\/ca\/el-primer-bateig-en-submarinisme-a-calella-de-palafrugell-costa-brava\/","og_site_name":"Poseidon Calella","article_publisher":"https:\/\/www.facebook.com\/Poseidon.Calella","article_published_time":"2021-06-02T11:32:22+00:00","og_image":[{"width":1200,"height":400,"url":"https:\/\/www.poseidoncalella.com\/wordpress2\/wp-content\/uploads\/2021\/06\/poseidon-calella-girona-llafranc-primer-bautizo-submarinismo-calella-palafrugell-costa-brava.jpg","type":"image\/jpeg"}],"author":"gmcd","twitter_card":"summary_large_image","twitter_misc":{"Written by":"gmcd","Est. reading time":"4 minutes"},"schema":{"@context":"https:\/\/schema.org","@graph":[{"@type":"Article","@id":"https:\/\/www.poseidoncalella.com\/ca\/el-primer-bateig-en-submarinisme-a-calella-de-palafrugell-costa-brava\/#article","isPartOf":{"@id":"https:\/\/www.poseidoncalella.com\/ca\/el-primer-bateig-en-submarinisme-a-calella-de-palafrugell-costa-brava\/"},"author":{"name":"gmcd","@id":"https:\/\/www.poseidoncalella.com\/#\/schema\/person\/ce8d51a45783d9707ef6e9fafd6c9c24"},"headline":"El primer bateig en submarinisme a Calella de Palafrugell, Costa Brava","datePublished":"2021-06-02T11:32:22+00:00","dateModified":"2021-06-02T11:32:22+00:00","mainEntityOfPage":{"@id":"https:\/\/www.poseidoncalella.com\/ca\/el-primer-bateig-en-submarinisme-a-calella-de-palafrugell-costa-brava\/"},"wordCount":821,"commentCount":0,"publisher":{"@id":"https:\/\/www.poseidoncalella.com\/#organization"},"image":{"@id":"https:\/\/www.poseidoncalella.com\/ca\/el-primer-bateig-en-submarinisme-a-calella-de-palafrugell-costa-brava\/#primaryimage"},"thumbnailUrl":"https:\/\/www.poseidoncalella.com\/wordpress2\/wp-content\/uploads\/2021\/06\/poseidon-calella-girona-llafranc-primer-bautizo-submarinismo-calella-palafrugell-costa-brava.jpg","inLanguage":"es-CA","potentialAction":[{"@type":"CommentAction","name":"Comment","target":["https:\/\/www.poseidoncalella.com\/ca\/el-primer-bateig-en-submarinisme-a-calella-de-palafrugell-costa-brava\/#respond"]}]},{"@type":"WebPage","@id":"https:\/\/www.poseidoncalella.com\/ca\/el-primer-bateig-en-submarinisme-a-calella-de-palafrugell-costa-brava\/","url":"https:\/\/www.poseidoncalella.com\/ca\/el-primer-bateig-en-submarinisme-a-calella-de-palafrugell-costa-brava\/","name":"El primer bateig en submarinisme a Calella de Palafrugell, Costa Brava - Poseidon Calella","isPartOf":{"@id":"https:\/\/www.poseidoncalella.com\/#website"},"primaryImageOfPage":{"@id":"https:\/\/www.poseidoncalella.com\/ca\/el-primer-bateig-en-submarinisme-a-calella-de-palafrugell-costa-brava\/#primaryimage"},"image":{"@id":"https:\/\/www.poseidoncalella.com\/ca\/el-primer-bateig-en-submarinisme-a-calella-de-palafrugell-costa-brava\/#primaryimage"},"thumbnailUrl":"https:\/\/www.poseidoncalella.com\/wordpress2\/wp-content\/uploads\/2021\/06\/poseidon-calella-girona-llafranc-primer-bautizo-submarinismo-calella-palafrugell-costa-brava.jpg","datePublished":"2021-06-02T11:32:22+00:00","dateModified":"2021-06-02T11:32:22+00:00","breadcrumb":{"@id":"https:\/\/www.poseidoncalella.com\/ca\/el-primer-bateig-en-submarinisme-a-calella-de-palafrugell-costa-brava\/#breadcrumb"},"inLanguage":"es-CA","potentialAction":[{"@type":"ReadAction","target":["https:\/\/www.poseidoncalella.com\/ca\/el-primer-bateig-en-submarinisme-a-calella-de-palafrugell-costa-brava\/"]}]},{"@type":"ImageObject","inLanguage":"es-CA","@id":"https:\/\/www.poseidoncalella.com\/ca\/el-primer-bateig-en-submarinisme-a-calella-de-palafrugell-costa-brava\/#primaryimage","url":"https:\/\/www.poseidoncalella.com\/wordpress2\/wp-content\/uploads\/2021\/06\/poseidon-calella-girona-llafranc-primer-bautizo-submarinismo-calella-palafrugell-costa-brava.jpg","contentUrl":"https:\/\/www.poseidoncalella.com\/wordpress2\/wp-content\/uploads\/2021\/06\/poseidon-calella-girona-llafranc-primer-bautizo-submarinismo-calella-palafrugell-costa-brava.jpg","width":1200,"height":400},{"@type":"BreadcrumbList","@id":"https:\/\/www.poseidoncalella.com\/ca\/el-primer-bateig-en-submarinisme-a-calella-de-palafrugell-costa-brava\/#breadcrumb","itemListElement":[{"@type":"ListItem","position":1,"name":"Portada","item":"https:\/\/www.poseidoncalella.com\/ca\/"},{"@type":"ListItem","position":2,"name":"El primer bateig en submarinisme a Calella de Palafrugell, Costa Brava"}]},{"@type":"WebSite","@id":"https:\/\/www.poseidoncalella.com\/#website","url":"https:\/\/www.poseidoncalella.com\/","name":"Poseidon Calella","description":"Centre de busseig situat a Palafrugell, a la Costa Brava","publisher":{"@id":"https:\/\/www.poseidoncalella.com\/#organization"},"potentialAction":[{"@type":"SearchAction","target":{"@type":"EntryPoint","urlTemplate":"https:\/\/www.poseidoncalella.com\/?s={search_term_string}"},"query-input":"required name=search_term_string"}],"inLanguage":"es-CA"},{"@type":"Organization","@id":"https:\/\/www.poseidoncalella.com\/#organization","name":"Poseidon Diving","alternateName":"Poseidon Calella","url":"https:\/\/www.poseidoncalella.com\/","logo":{"@type":"ImageObject","inLanguage":"es-CA","@id":"https:\/\/www.poseidoncalella.com\/#\/schema\/logo\/image\/","url":"https:\/\/www.poseidoncalella.com\/wordpress2\/wp-content\/uploads\/2021\/06\/cropped-favicon-1-180x180-1.png","contentUrl":"https:\/\/www.poseidoncalella.com\/wordpress2\/wp-content\/uploads\/2021\/06\/cropped-favicon-1-180x180-1.png","width":180,"height":180,"caption":"Poseidon Diving"},"image":{"@id":"https:\/\/www.poseidoncalella.com\/#\/schema\/logo\/image\/"},"sameAs":["https:\/\/www.facebook.com\/Poseidon.Calella","https:\/\/www.instagram.com\/poseidoncostabrava\/"]},{"@type":"Person","@id":"https:\/\/www.poseidoncalella.com\/#\/schema\/person\/ce8d51a45783d9707ef6e9fafd6c9c24","name":"gmcd","image":{"@type":"ImageObject","inLanguage":"es-CA","@id":"https:\/\/www.poseidoncalella.com\/#\/schema\/person\/image\/","url":"https:\/\/secure.gravatar.com\/avatar\/304131056b498676612e689bad60e29ba3233997948b9c963f6886ac23b02bb1?s=96&d=mm&r=g","contentUrl":"https:\/\/secure.gravatar.com\/avatar\/304131056b498676612e689bad60e29ba3233997948b9c963f6886ac23b02bb1?s=96&d=mm&r=g","caption":"gmcd"},"sameAs":["https:\/\/www.poseidoncalella.com\/wordpress2"],"url":"https:\/\/www.poseidoncalella.com\/ca\/author\/gmcd\/"}]}},"_links":{"self":[{"href":"https:\/\/www.poseidoncalella.com\/ca\/wp-json\/wp\/v2\/posts\/3612","targetHints":{"allow":["GET"]}}],"collection":[{"href":"https:\/\/www.poseidoncalella.com\/ca\/wp-json\/wp\/v2\/posts"}],"about":[{"href":"https:\/\/www.poseidoncalella.com\/ca\/wp-json\/wp\/v2\/types\/post"}],"author":[{"embeddable":true,"href":"https:\/\/www.poseidoncalella.com\/ca\/wp-json\/wp\/v2\/users\/1"}],"replies":[{"embeddable":true,"href":"https:\/\/www.poseidoncalella.com\/ca\/wp-json\/wp\/v2\/comments?post=3612"}],"version-history":[{"count":0,"href":"https:\/\/www.poseidoncalella.com\/ca\/wp-json\/wp\/v2\/posts\/3612\/revisions"}],"wp:featuredmedia":[{"embeddable":true,"href":"https:\/\/www.poseidoncalella.com\/ca\/wp-json\/wp\/v2\/media\/3225"}],"wp:attachment":[{"href":"https:\/\/www.poseidoncalella.com\/ca\/wp-json\/wp\/v2\/media?parent=3612"}],"wp:term":[{"taxonomy":"category","embeddable":true,"href":"https:\/\/www.poseidoncalella.com\/ca\/wp-json\/wp\/v2\/categories?post=3612"},{"taxonomy":"post_tag","embeddable":true,"href":"https:\/\/www.poseidoncalella.com\/ca\/wp-json\/wp\/v2\/tags?post=3612"}],"curies":[{"name":"wp","href":"https:\/\/api.w.org\/{rel}","templated":true}]}}