{"id":3608,"date":"2021-06-02T13:32:22","date_gmt":"2021-06-02T11:32:22","guid":{"rendered":"https:\/\/www.poseidoncalella.com\/wordpress2\/vaixell-enfonsat-al-derelicte-lake-lugano-de-palamos-a-la-costa-brava\/"},"modified":"2021-06-02T13:32:22","modified_gmt":"2021-06-02T11:32:22","slug":"vaixell-enfonsat-al-derelicte-lake-lugano-de-palamos-a-la-costa-brava","status":"publish","type":"post","link":"https:\/\/www.poseidoncalella.com\/ca\/vaixell-enfonsat-al-derelicte-lake-lugano-de-palamos-a-la-costa-brava\/","title":{"rendered":"Vaixell enfonsat al derelicte Lake Lugano de Palam\u00f3s, a la Costa Brava"},"content":{"rendered":"<p>El\u00a0<strong>Lake Lugano<\/strong> va ser un vaixell angl\u00e8s que, a la Guerra Civil espanyola, va ser bombardejat mentre es dedicava al contraban cap a les tropes republicanes i va acabar embarrancat a la platja gran de Palam\u00f3s. Va ser desballestat als anys 50 i feia una mida de 88 metres d&#8217;eslora i 14 metres de m\u00e0nega.<\/p>\n<h3>Hist\u00f2ria del Lake Lugano<\/h3>\n<p>Va ser bombardejat per avions italians i alemanys fins que el van acabar enfonsat, per\u00f2 la tripulaci\u00f3 va poder fugir a temps i el vaixell va quedar al Port de Palam\u00f3s fins als inicis del 1939. Un temporal el va treure fora del <strong>Port de Palam\u00f3s<\/strong>, a la <strong>Costa Brava<\/strong>, i va quedar encallat amb unes roques a la vora de l&#8217;espig\u00f3 de la platja. Com que encara era visible, va tornar a patir un atac aeri dels alemanys. Quan va acabar la Guerra Civil Espanyola, un temporal intens el va acabar de partir per la meitat i, als anys 50, les restes es van desballestar definitivament.<\/p>\n<h3>Actualitat del delericte enfonsat a Palam\u00f3s<\/h3>\n<p>A l&#8217;actualitat, l&#8217;<strong>Ajuntament de Palam\u00f3s<\/strong> ha col\u00b7locat un plaf\u00f3 a la Platja Gran informant als ciutadans de la situaci\u00f3 exacta del vaixell enfonsat\u00a0<strong>Lake Lugano<\/strong>. Es pot trobar a la vora de la Creu Roja. \u00c9s de molt f\u00e0cil acc\u00e9s perqu\u00e8 se situa nom\u00e9s a 50 metres de la costa i de poca fond\u00e0ria, als 5 metres aproximadament.<\/p>\n<p>Aquest <strong>delericte o peci<\/strong> avui dia est\u00e0 replet de flora i fauna com si d&#8217;un grup de roques es tract\u00e9s. El que podem veure \u00e9s una petita part de l&#8217;estructura de l&#8217;antic casc perqu\u00e8, al desballestament, es va reaprofitar molt de ferro.<\/p>\n<h3>Com arribar al vaixell enfonsat de Palam\u00f3s<\/h3>\n<p>Per poder arribar al\u00a0<strong>vaixell enfonsat<\/strong> haurem de cabussar-nos prop del canal d&#8217;entrada de les embarcacions i s&#8217;ha d&#8217;enfilar la l\u00ednia que uneix la casa de les xemeneies al passeig de la platja i l&#8217;esf\u00e8ric de l&#8217;extrem del moll del <strong>Port de Palam\u00f3s<\/strong>.<\/p>\n<p>Quan la marca acaba creuant les boies de la zona de bany, all\u00e0 mateix tindrem el\u00a0<strong>vaixell Lake Lugano enfonsat<\/strong>. Fa uns anys, l&#8217;Ajuntament de Palam\u00f3s, va instal\u00b7lar una boia per trobar-lo amb facilitat.<\/p>\n<p>El fons mar\u00ed \u00e9s totalment aren\u00f3s des de la zona de banyistes fins a la pr\u00f2pia embarcaci\u00f3 enfonsada con la fauna que habita est\u00e0 formada per crancs ermitanys, marbres, rogers amb colors que passen desapercebuts amb el fons.<\/p>\n<p>S&#8217;ha de vigilar amb les meduses que pot haver a la superf\u00edcie tot i que poden acompanyar a tenir un paisatge m\u00e9s bonic, conjuntament amb dragonets, raors o palometes.<\/p>\n<p>El\u00a0<strong>delericte enfonsat<\/strong> est\u00e0 completament tapat per la flora fins a tal punt que \u00e9s un oasis per moltes esp\u00e8cies, que s\u00f3n protegides de les xarxes d&#8217;arrossegament.<\/p>\n<p>\u00c9s una bona experi\u00e8ncia per a realitzar una activitat de\u00a0<strong>submarinisme<\/strong> sense ampolla perqu\u00e8 amb un simple\u00a0<strong>snorkel<\/strong> podem arribar a veure el vaixell.<\/p>\n<p>&nbsp;<\/p>\n","protected":false},"excerpt":{"rendered":"<p>El\u00a0Lake Lugano va ser un vaixell angl\u00e8s que, a la Guerra Civil espanyola, va ser bombardejat mentre es dedicava al contraban cap a les tropes [&hellip;]<\/p>\n","protected":false},"author":1,"featured_media":3201,"comment_status":"open","ping_status":"open","sticky":false,"template":"","format":"standard","meta":{"footnotes":""},"categories":[37],"tags":[],"class_list":["post-3608","post","type-post","status-publish","format-standard","has-post-thumbnail","hentry","category-sense-categoria"],"yoast_head":"<!-- This site is optimized with the Yoast SEO plugin v22.4 - https:\/\/yoast.com\/wordpress\/plugins\/seo\/ -->\n<title>Vaixell enfonsat al derelicte Lake Lugano de Palam\u00f3s, a la Costa Brava - Poseidon Calella<\/title>\n<meta name=\"robots\" content=\"index, follow, max-snippet:-1, max-image-preview:large, max-video-preview:-1\" \/>\n<link rel=\"canonical\" href=\"https:\/\/www.poseidoncalella.com\/ca\/vaixell-enfonsat-al-derelicte-lake-lugano-de-palamos-a-la-costa-brava\/\" \/>\n<meta property=\"og:locale\" content=\"es_ES\" \/>\n<meta property=\"og:type\" content=\"article\" \/>\n<meta property=\"og:title\" content=\"Vaixell enfonsat al derelicte Lake Lugano de Palam\u00f3s, a la Costa Brava - Poseidon Calella\" \/>\n<meta property=\"og:description\" content=\"El\u00a0Lake Lugano va ser un vaixell angl\u00e8s que, a la Guerra Civil espanyola, va ser bombardejat mentre es dedicava al contraban cap a les tropes [&hellip;]\" \/>\n<meta property=\"og:url\" content=\"https:\/\/www.poseidoncalella.com\/ca\/vaixell-enfonsat-al-derelicte-lake-lugano-de-palamos-a-la-costa-brava\/\" \/>\n<meta property=\"og:site_name\" content=\"Poseidon Calella\" \/>\n<meta property=\"article:publisher\" content=\"https:\/\/www.facebook.com\/Poseidon.Calella\" \/>\n<meta property=\"article:published_time\" content=\"2021-06-02T11:32:22+00:00\" \/>\n<meta property=\"og:image\" content=\"https:\/\/www.poseidoncalella.com\/wordpress2\/wp-content\/uploads\/2021\/06\/poseidon-calella-palafrugell-vaixell-enfonsat-al-derelicte-lake-lugano-de-palamos-a-la-costa-brava-baix-emporda.jpg\" \/>\n\t<meta property=\"og:image:width\" content=\"1280\" \/>\n\t<meta property=\"og:image:height\" content=\"719\" \/>\n\t<meta property=\"og:image:type\" content=\"image\/jpeg\" \/>\n<meta name=\"author\" content=\"gmcd\" \/>\n<meta name=\"twitter:card\" content=\"summary_large_image\" \/>\n<meta name=\"twitter:label1\" content=\"Written by\" \/>\n\t<meta name=\"twitter:data1\" content=\"gmcd\" \/>\n\t<meta name=\"twitter:label2\" content=\"Est. reading time\" \/>\n\t<meta name=\"twitter:data2\" content=\"2 minutes\" \/>\n<script type=\"application\/ld+json\" class=\"yoast-schema-graph\">{\"@context\":\"https:\/\/schema.org\",\"@graph\":[{\"@type\":\"Article\",\"@id\":\"https:\/\/www.poseidoncalella.com\/ca\/vaixell-enfonsat-al-derelicte-lake-lugano-de-palamos-a-la-costa-brava\/#article\",\"isPartOf\":{\"@id\":\"https:\/\/www.poseidoncalella.com\/ca\/vaixell-enfonsat-al-derelicte-lake-lugano-de-palamos-a-la-costa-brava\/\"},\"author\":{\"name\":\"gmcd\",\"@id\":\"https:\/\/www.poseidoncalella.com\/#\/schema\/person\/ce8d51a45783d9707ef6e9fafd6c9c24\"},\"headline\":\"Vaixell enfonsat al derelicte Lake Lugano de Palam\u00f3s, a la Costa Brava\",\"datePublished\":\"2021-06-02T11:32:22+00:00\",\"dateModified\":\"2021-06-02T11:32:22+00:00\",\"mainEntityOfPage\":{\"@id\":\"https:\/\/www.poseidoncalella.com\/ca\/vaixell-enfonsat-al-derelicte-lake-lugano-de-palamos-a-la-costa-brava\/\"},\"wordCount\":509,\"commentCount\":0,\"publisher\":{\"@id\":\"https:\/\/www.poseidoncalella.com\/#organization\"},\"image\":{\"@id\":\"https:\/\/www.poseidoncalella.com\/ca\/vaixell-enfonsat-al-derelicte-lake-lugano-de-palamos-a-la-costa-brava\/#primaryimage\"},\"thumbnailUrl\":\"https:\/\/www.poseidoncalella.com\/wordpress2\/wp-content\/uploads\/2021\/06\/poseidon-calella-palafrugell-vaixell-enfonsat-al-derelicte-lake-lugano-de-palamos-a-la-costa-brava-baix-emporda.jpg\",\"articleSection\":[\"Sense categoria\"],\"inLanguage\":\"es-CA\",\"potentialAction\":[{\"@type\":\"CommentAction\",\"name\":\"Comment\",\"target\":[\"https:\/\/www.poseidoncalella.com\/ca\/vaixell-enfonsat-al-derelicte-lake-lugano-de-palamos-a-la-costa-brava\/#respond\"]}]},{\"@type\":\"WebPage\",\"@id\":\"https:\/\/www.poseidoncalella.com\/ca\/vaixell-enfonsat-al-derelicte-lake-lugano-de-palamos-a-la-costa-brava\/\",\"url\":\"https:\/\/www.poseidoncalella.com\/ca\/vaixell-enfonsat-al-derelicte-lake-lugano-de-palamos-a-la-costa-brava\/\",\"name\":\"Vaixell enfonsat al derelicte Lake Lugano de Palam\u00f3s, a la Costa Brava - Poseidon Calella\",\"isPartOf\":{\"@id\":\"https:\/\/www.poseidoncalella.com\/#website\"},\"primaryImageOfPage\":{\"@id\":\"https:\/\/www.poseidoncalella.com\/ca\/vaixell-enfonsat-al-derelicte-lake-lugano-de-palamos-a-la-costa-brava\/#primaryimage\"},\"image\":{\"@id\":\"https:\/\/www.poseidoncalella.com\/ca\/vaixell-enfonsat-al-derelicte-lake-lugano-de-palamos-a-la-costa-brava\/#primaryimage\"},\"thumbnailUrl\":\"https:\/\/www.poseidoncalella.com\/wordpress2\/wp-content\/uploads\/2021\/06\/poseidon-calella-palafrugell-vaixell-enfonsat-al-derelicte-lake-lugano-de-palamos-a-la-costa-brava-baix-emporda.jpg\",\"datePublished\":\"2021-06-02T11:32:22+00:00\",\"dateModified\":\"2021-06-02T11:32:22+00:00\",\"breadcrumb\":{\"@id\":\"https:\/\/www.poseidoncalella.com\/ca\/vaixell-enfonsat-al-derelicte-lake-lugano-de-palamos-a-la-costa-brava\/#breadcrumb\"},\"inLanguage\":\"es-CA\",\"potentialAction\":[{\"@type\":\"ReadAction\",\"target\":[\"https:\/\/www.poseidoncalella.com\/ca\/vaixell-enfonsat-al-derelicte-lake-lugano-de-palamos-a-la-costa-brava\/\"]}]},{\"@type\":\"ImageObject\",\"inLanguage\":\"es-CA\",\"@id\":\"https:\/\/www.poseidoncalella.com\/ca\/vaixell-enfonsat-al-derelicte-lake-lugano-de-palamos-a-la-costa-brava\/#primaryimage\",\"url\":\"https:\/\/www.poseidoncalella.com\/wordpress2\/wp-content\/uploads\/2021\/06\/poseidon-calella-palafrugell-vaixell-enfonsat-al-derelicte-lake-lugano-de-palamos-a-la-costa-brava-baix-emporda.jpg\",\"contentUrl\":\"https:\/\/www.poseidoncalella.com\/wordpress2\/wp-content\/uploads\/2021\/06\/poseidon-calella-palafrugell-vaixell-enfonsat-al-derelicte-lake-lugano-de-palamos-a-la-costa-brava-baix-emporda.jpg\",\"width\":1280,\"height\":719},{\"@type\":\"BreadcrumbList\",\"@id\":\"https:\/\/www.poseidoncalella.com\/ca\/vaixell-enfonsat-al-derelicte-lake-lugano-de-palamos-a-la-costa-brava\/#breadcrumb\",\"itemListElement\":[{\"@type\":\"ListItem\",\"position\":1,\"name\":\"Portada\",\"item\":\"https:\/\/www.poseidoncalella.com\/ca\/\"},{\"@type\":\"ListItem\",\"position\":2,\"name\":\"Vaixell enfonsat al derelicte Lake Lugano de Palam\u00f3s, a la Costa Brava\"}]},{\"@type\":\"WebSite\",\"@id\":\"https:\/\/www.poseidoncalella.com\/#website\",\"url\":\"https:\/\/www.poseidoncalella.com\/\",\"name\":\"Poseidon Calella\",\"description\":\"Centre de busseig situat a Palafrugell, a la Costa Brava\",\"publisher\":{\"@id\":\"https:\/\/www.poseidoncalella.com\/#organization\"},\"potentialAction\":[{\"@type\":\"SearchAction\",\"target\":{\"@type\":\"EntryPoint\",\"urlTemplate\":\"https:\/\/www.poseidoncalella.com\/?s={search_term_string}\"},\"query-input\":\"required name=search_term_string\"}],\"inLanguage\":\"es-CA\"},{\"@type\":\"Organization\",\"@id\":\"https:\/\/www.poseidoncalella.com\/#organization\",\"name\":\"Poseidon Diving\",\"alternateName\":\"Poseidon Calella\",\"url\":\"https:\/\/www.poseidoncalella.com\/\",\"logo\":{\"@type\":\"ImageObject\",\"inLanguage\":\"es-CA\",\"@id\":\"https:\/\/www.poseidoncalella.com\/#\/schema\/logo\/image\/\",\"url\":\"https:\/\/www.poseidoncalella.com\/wordpress2\/wp-content\/uploads\/2021\/06\/cropped-favicon-1-180x180-1.png\",\"contentUrl\":\"https:\/\/www.poseidoncalella.com\/wordpress2\/wp-content\/uploads\/2021\/06\/cropped-favicon-1-180x180-1.png\",\"width\":180,\"height\":180,\"caption\":\"Poseidon Diving\"},\"image\":{\"@id\":\"https:\/\/www.poseidoncalella.com\/#\/schema\/logo\/image\/\"},\"sameAs\":[\"https:\/\/www.facebook.com\/Poseidon.Calella\",\"https:\/\/www.instagram.com\/poseidoncostabrava\/\"]},{\"@type\":\"Person\",\"@id\":\"https:\/\/www.poseidoncalella.com\/#\/schema\/person\/ce8d51a45783d9707ef6e9fafd6c9c24\",\"name\":\"gmcd\",\"image\":{\"@type\":\"ImageObject\",\"inLanguage\":\"es-CA\",\"@id\":\"https:\/\/www.poseidoncalella.com\/#\/schema\/person\/image\/\",\"url\":\"https:\/\/secure.gravatar.com\/avatar\/304131056b498676612e689bad60e29ba3233997948b9c963f6886ac23b02bb1?s=96&d=mm&r=g\",\"contentUrl\":\"https:\/\/secure.gravatar.com\/avatar\/304131056b498676612e689bad60e29ba3233997948b9c963f6886ac23b02bb1?s=96&d=mm&r=g\",\"caption\":\"gmcd\"},\"sameAs\":[\"https:\/\/www.poseidoncalella.com\/wordpress2\"],\"url\":\"https:\/\/www.poseidoncalella.com\/ca\/author\/gmcd\/\"}]}<\/script>\n<!-- \/ Yoast SEO plugin. -->","yoast_head_json":{"title":"Vaixell enfonsat al derelicte Lake Lugano de Palam\u00f3s, a la Costa Brava - Poseidon Calella","robots":{"index":"index","follow":"follow","max-snippet":"max-snippet:-1","max-image-preview":"max-image-preview:large","max-video-preview":"max-video-preview:-1"},"canonical":"https:\/\/www.poseidoncalella.com\/ca\/vaixell-enfonsat-al-derelicte-lake-lugano-de-palamos-a-la-costa-brava\/","og_locale":"es_ES","og_type":"article","og_title":"Vaixell enfonsat al derelicte Lake Lugano de Palam\u00f3s, a la Costa Brava - Poseidon Calella","og_description":"El\u00a0Lake Lugano va ser un vaixell angl\u00e8s que, a la Guerra Civil espanyola, va ser bombardejat mentre es dedicava al contraban cap a les tropes [&hellip;]","og_url":"https:\/\/www.poseidoncalella.com\/ca\/vaixell-enfonsat-al-derelicte-lake-lugano-de-palamos-a-la-costa-brava\/","og_site_name":"Poseidon Calella","article_publisher":"https:\/\/www.facebook.com\/Poseidon.Calella","article_published_time":"2021-06-02T11:32:22+00:00","og_image":[{"width":1280,"height":719,"url":"https:\/\/www.poseidoncalella.com\/wordpress2\/wp-content\/uploads\/2021\/06\/poseidon-calella-palafrugell-vaixell-enfonsat-al-derelicte-lake-lugano-de-palamos-a-la-costa-brava-baix-emporda.jpg","type":"image\/jpeg"}],"author":"gmcd","twitter_card":"summary_large_image","twitter_misc":{"Written by":"gmcd","Est. reading time":"2 minutes"},"schema":{"@context":"https:\/\/schema.org","@graph":[{"@type":"Article","@id":"https:\/\/www.poseidoncalella.com\/ca\/vaixell-enfonsat-al-derelicte-lake-lugano-de-palamos-a-la-costa-brava\/#article","isPartOf":{"@id":"https:\/\/www.poseidoncalella.com\/ca\/vaixell-enfonsat-al-derelicte-lake-lugano-de-palamos-a-la-costa-brava\/"},"author":{"name":"gmcd","@id":"https:\/\/www.poseidoncalella.com\/#\/schema\/person\/ce8d51a45783d9707ef6e9fafd6c9c24"},"headline":"Vaixell enfonsat al derelicte Lake Lugano de Palam\u00f3s, a la Costa Brava","datePublished":"2021-06-02T11:32:22+00:00","dateModified":"2021-06-02T11:32:22+00:00","mainEntityOfPage":{"@id":"https:\/\/www.poseidoncalella.com\/ca\/vaixell-enfonsat-al-derelicte-lake-lugano-de-palamos-a-la-costa-brava\/"},"wordCount":509,"commentCount":0,"publisher":{"@id":"https:\/\/www.poseidoncalella.com\/#organization"},"image":{"@id":"https:\/\/www.poseidoncalella.com\/ca\/vaixell-enfonsat-al-derelicte-lake-lugano-de-palamos-a-la-costa-brava\/#primaryimage"},"thumbnailUrl":"https:\/\/www.poseidoncalella.com\/wordpress2\/wp-content\/uploads\/2021\/06\/poseidon-calella-palafrugell-vaixell-enfonsat-al-derelicte-lake-lugano-de-palamos-a-la-costa-brava-baix-emporda.jpg","articleSection":["Sense categoria"],"inLanguage":"es-CA","potentialAction":[{"@type":"CommentAction","name":"Comment","target":["https:\/\/www.poseidoncalella.com\/ca\/vaixell-enfonsat-al-derelicte-lake-lugano-de-palamos-a-la-costa-brava\/#respond"]}]},{"@type":"WebPage","@id":"https:\/\/www.poseidoncalella.com\/ca\/vaixell-enfonsat-al-derelicte-lake-lugano-de-palamos-a-la-costa-brava\/","url":"https:\/\/www.poseidoncalella.com\/ca\/vaixell-enfonsat-al-derelicte-lake-lugano-de-palamos-a-la-costa-brava\/","name":"Vaixell enfonsat al derelicte Lake Lugano de Palam\u00f3s, a la Costa Brava - Poseidon Calella","isPartOf":{"@id":"https:\/\/www.poseidoncalella.com\/#website"},"primaryImageOfPage":{"@id":"https:\/\/www.poseidoncalella.com\/ca\/vaixell-enfonsat-al-derelicte-lake-lugano-de-palamos-a-la-costa-brava\/#primaryimage"},"image":{"@id":"https:\/\/www.poseidoncalella.com\/ca\/vaixell-enfonsat-al-derelicte-lake-lugano-de-palamos-a-la-costa-brava\/#primaryimage"},"thumbnailUrl":"https:\/\/www.poseidoncalella.com\/wordpress2\/wp-content\/uploads\/2021\/06\/poseidon-calella-palafrugell-vaixell-enfonsat-al-derelicte-lake-lugano-de-palamos-a-la-costa-brava-baix-emporda.jpg","datePublished":"2021-06-02T11:32:22+00:00","dateModified":"2021-06-02T11:32:22+00:00","breadcrumb":{"@id":"https:\/\/www.poseidoncalella.com\/ca\/vaixell-enfonsat-al-derelicte-lake-lugano-de-palamos-a-la-costa-brava\/#breadcrumb"},"inLanguage":"es-CA","potentialAction":[{"@type":"ReadAction","target":["https:\/\/www.poseidoncalella.com\/ca\/vaixell-enfonsat-al-derelicte-lake-lugano-de-palamos-a-la-costa-brava\/"]}]},{"@type":"ImageObject","inLanguage":"es-CA","@id":"https:\/\/www.poseidoncalella.com\/ca\/vaixell-enfonsat-al-derelicte-lake-lugano-de-palamos-a-la-costa-brava\/#primaryimage","url":"https:\/\/www.poseidoncalella.com\/wordpress2\/wp-content\/uploads\/2021\/06\/poseidon-calella-palafrugell-vaixell-enfonsat-al-derelicte-lake-lugano-de-palamos-a-la-costa-brava-baix-emporda.jpg","contentUrl":"https:\/\/www.poseidoncalella.com\/wordpress2\/wp-content\/uploads\/2021\/06\/poseidon-calella-palafrugell-vaixell-enfonsat-al-derelicte-lake-lugano-de-palamos-a-la-costa-brava-baix-emporda.jpg","width":1280,"height":719},{"@type":"BreadcrumbList","@id":"https:\/\/www.poseidoncalella.com\/ca\/vaixell-enfonsat-al-derelicte-lake-lugano-de-palamos-a-la-costa-brava\/#breadcrumb","itemListElement":[{"@type":"ListItem","position":1,"name":"Portada","item":"https:\/\/www.poseidoncalella.com\/ca\/"},{"@type":"ListItem","position":2,"name":"Vaixell enfonsat al derelicte Lake Lugano de Palam\u00f3s, a la Costa Brava"}]},{"@type":"WebSite","@id":"https:\/\/www.poseidoncalella.com\/#website","url":"https:\/\/www.poseidoncalella.com\/","name":"Poseidon Calella","description":"Centre de busseig situat a Palafrugell, a la Costa Brava","publisher":{"@id":"https:\/\/www.poseidoncalella.com\/#organization"},"potentialAction":[{"@type":"SearchAction","target":{"@type":"EntryPoint","urlTemplate":"https:\/\/www.poseidoncalella.com\/?s={search_term_string}"},"query-input":"required name=search_term_string"}],"inLanguage":"es-CA"},{"@type":"Organization","@id":"https:\/\/www.poseidoncalella.com\/#organization","name":"Poseidon Diving","alternateName":"Poseidon Calella","url":"https:\/\/www.poseidoncalella.com\/","logo":{"@type":"ImageObject","inLanguage":"es-CA","@id":"https:\/\/www.poseidoncalella.com\/#\/schema\/logo\/image\/","url":"https:\/\/www.poseidoncalella.com\/wordpress2\/wp-content\/uploads\/2021\/06\/cropped-favicon-1-180x180-1.png","contentUrl":"https:\/\/www.poseidoncalella.com\/wordpress2\/wp-content\/uploads\/2021\/06\/cropped-favicon-1-180x180-1.png","width":180,"height":180,"caption":"Poseidon Diving"},"image":{"@id":"https:\/\/www.poseidoncalella.com\/#\/schema\/logo\/image\/"},"sameAs":["https:\/\/www.facebook.com\/Poseidon.Calella","https:\/\/www.instagram.com\/poseidoncostabrava\/"]},{"@type":"Person","@id":"https:\/\/www.poseidoncalella.com\/#\/schema\/person\/ce8d51a45783d9707ef6e9fafd6c9c24","name":"gmcd","image":{"@type":"ImageObject","inLanguage":"es-CA","@id":"https:\/\/www.poseidoncalella.com\/#\/schema\/person\/image\/","url":"https:\/\/secure.gravatar.com\/avatar\/304131056b498676612e689bad60e29ba3233997948b9c963f6886ac23b02bb1?s=96&d=mm&r=g","contentUrl":"https:\/\/secure.gravatar.com\/avatar\/304131056b498676612e689bad60e29ba3233997948b9c963f6886ac23b02bb1?s=96&d=mm&r=g","caption":"gmcd"},"sameAs":["https:\/\/www.poseidoncalella.com\/wordpress2"],"url":"https:\/\/www.poseidoncalella.com\/ca\/author\/gmcd\/"}]}},"_links":{"self":[{"href":"https:\/\/www.poseidoncalella.com\/ca\/wp-json\/wp\/v2\/posts\/3608","targetHints":{"allow":["GET"]}}],"collection":[{"href":"https:\/\/www.poseidoncalella.com\/ca\/wp-json\/wp\/v2\/posts"}],"about":[{"href":"https:\/\/www.poseidoncalella.com\/ca\/wp-json\/wp\/v2\/types\/post"}],"author":[{"embeddable":true,"href":"https:\/\/www.poseidoncalella.com\/ca\/wp-json\/wp\/v2\/users\/1"}],"replies":[{"embeddable":true,"href":"https:\/\/www.poseidoncalella.com\/ca\/wp-json\/wp\/v2\/comments?post=3608"}],"version-history":[{"count":0,"href":"https:\/\/www.poseidoncalella.com\/ca\/wp-json\/wp\/v2\/posts\/3608\/revisions"}],"wp:featuredmedia":[{"embeddable":true,"href":"https:\/\/www.poseidoncalella.com\/ca\/wp-json\/wp\/v2\/media\/3201"}],"wp:attachment":[{"href":"https:\/\/www.poseidoncalella.com\/ca\/wp-json\/wp\/v2\/media?parent=3608"}],"wp:term":[{"taxonomy":"category","embeddable":true,"href":"https:\/\/www.poseidoncalella.com\/ca\/wp-json\/wp\/v2\/categories?post=3608"},{"taxonomy":"post_tag","embeddable":true,"href":"https:\/\/www.poseidoncalella.com\/ca\/wp-json\/wp\/v2\/tags?post=3608"}],"curies":[{"name":"wp","href":"https:\/\/api.w.org\/{rel}","templated":true}]}}