{"id":3604,"date":"2021-06-02T13:32:22","date_gmt":"2021-06-02T11:32:22","guid":{"rendered":"https:\/\/www.poseidoncalella.com\/wordpress2\/la-mascara-de-busseig-la-gran-desconeguda\/"},"modified":"2021-06-02T13:32:22","modified_gmt":"2021-06-02T11:32:22","slug":"la-mascara-de-busseig-la-gran-desconeguda","status":"publish","type":"post","link":"https:\/\/www.poseidoncalella.com\/ca\/la-mascara-de-busseig-la-gran-desconeguda\/","title":{"rendered":"La m\u00e0scara de busseig&#8230; la gran desconeguda!"},"content":{"rendered":"<p>Potser el material o equipament m\u00e9s important de qualsevol bussejador, ja sigui en apnea o amb ampolla, on m\u00e9s atenci\u00f3 ha de prestar a l&#8217;hora de triar-ho \u00e9s la m\u00e0scara de busseig. \u00c9s l&#8217;eina principal amb la qual gaudir de les meravelles que el m\u00f3n mar\u00ed ofereix.<\/p>\n<p>Hi ha diferents caracter\u00edstiques que cal tenir en compte: Protecci\u00f3 t\u00e8rmica, comoditat de les aletes, flotabilitat, &#8230; que, de no ser ben triades, poden ser un emprenyament obligant al bussejador a haver d&#8217;estar constantment buidant la m\u00e0scara de busseig, desentelant-la, &#8230;<\/p>\n<h3>Per\u00f2&#8230; com\u00a0sabr\u00e9 quina \u00e9s la m\u00e9s c\u00f2moda i que no entrar\u00e0 gens d&#8217;aigua?<\/h3>\n<p>Hi ha diferents tipus: Mono vidre,\u00a0bividre, amb silicones negres o transparents, amb marc, sense marc, difer\u00e8ncies en el camp de visi\u00f3, &#8230; Per\u00f2 el primer par\u00e0metre a tenir en compte \u00e9s la lent de la m\u00e0scara de busseig, ha de ser de vidre temperat per evitar que s&#8217;entelin amb major freq\u00fc\u00e8ncia i que sigui resistent i no es ratllin. Tamb\u00e9 proporciona una visi\u00f3 n\u00edtida.<\/p>\n<p>Com sabr\u00e9 el tipus de lent? Copejant amb l&#8217;ungla el vidre, sentireu un so agut. La de vidre, per exemple, estar\u00e0 molt m\u00e9s\u00a0freda i tamb\u00e9 ser\u00e0 m\u00e9s pesada.<\/p>\n<p>Posteriorment cal fixar-se en la part fixada a la nostra cara. Ha de ser de silicona i no de pl\u00e0stic, per evitar una deterioraci\u00f3 r\u00e0pida. El m\u00e9s important&#8230; comprovar si s&#8217;adapta a la nostra morfologia facial i aix\u00ed evitar la inundaci\u00f3 constant en les immersions.<\/p>\n<h3>Proc\u00e9s per provar la m\u00e0scara de busseig<\/h3>\n<p>Subjectem la m\u00e0scara en la cara, sense col\u00b7locar la corretja de silicona i comprovem que:<\/p>\n<ul>\n<li>La silicona no es doblega<\/li>\n<li>S&#8217;assenta al davant i p\u00f2muls<\/li>\n<li>No est\u00e0 massa prop dels llavis<\/li>\n<li>Inhalem pel nas i traiem les mans. Si queda fixa en la cara, fa la seva funci\u00f3 de ventosa correctament.<\/li>\n<\/ul>\n<p>Ara cal veure si estem c\u00f2modes amb la m\u00e0scara de busseig triada posant-nos la corretja de silicona per darrere del cap i veure si:<\/p>\n<ul>\n<li>El\u00a0fald\u00f3n\u00a0de silicona no entra en contacte amb la l\u00ednia del cabell pel front.<\/li>\n<li>La corretja no toca ni molesta en les orelles.<\/li>\n<\/ul>\n<p>Ara cal tornar a inspirar aire i ens estrenyem la m\u00e0scara contra la cara, com si estigu\u00e9ssim submergint-nos bruscament i veiem si la muntura ens molesta ni entre els ulls ni al pont del nas.<\/p>\n<p>Si no molesta i fa perfectament l&#8217;efecte ventosa, cal &#8220;compensar&#8221; com si descend\u00edssim: Cal estr\u00e8nyer tots dos orificis del nas sense problema. Si ho aconseguim, seguim avan\u00e7ant.<\/p>\n<p>Finalment, mirem als costats, a dalt i a baix: Veus b\u00e9? Tens camp de visi\u00f3 correcte? Ja tens m\u00e0scara!<\/p>\n<h3>Ja per\u00f2&#8230; Com faig perqu\u00e8 no s&#8217;enteli la meva m\u00e0scara de busseig?<\/h3>\n<p>F\u00e0cil i senzill. Per norma general, les m\u00e0scares de busseig ja v\u00e9nen de f\u00e0brica amb una molt fina pel\u00b7l\u00edcula protectora de greix de silicona gaireb\u00e9 imperceptible a l&#8217;ull hum\u00e0. Aquesta capa evita que les lents es ratllin amb facilitat en portar-les als propis comer\u00e7os. Aquesta protecci\u00f3 \u00e9s la que cal eliminar abans d&#8217;usar-la per primera vegada. Si no ho fem, l&#8217;entelament pot es constant i inevitable. Com traiem aquesta capa?<\/p>\n<ul>\n<li>Usant dissolvent o productes per treure grassa\u00a0POC abrasiu<\/li>\n<li>Amb la flama d&#8217;un encenedor, escalfar les lents amb cura<\/li>\n<li>Usar pasta de dents a la zona de fora i de dins, es deixa assecant un parell de dies i s&#8217;esbandeix posteriorment<\/li>\n<\/ul>\n<p>Una vegada retirada la capa, posarem a\u00a0la lent algun producte per prevenir la formaci\u00f3 de baf. Hi ha productes comercials o fins i tot el xamp\u00fa per a beb\u00e8s serveix. Amb una gota, fregant i esbandint ho aconseguirem.<\/p>\n<p>El m\u00e9s senzill \u00e9s usar la nostra pr\u00f2pia saliva, mai falla i sempre la tenim a m\u00e0. S&#8217;escup en la lent, es frega i s&#8217;esbandeix.<\/p>\n","protected":false},"excerpt":{"rendered":"<p>Potser el material o equipament m\u00e9s important de qualsevol bussejador, ja sigui en apnea o amb ampolla, on m\u00e9s atenci\u00f3 ha de prestar a l&#8217;hora [&hellip;]<\/p>\n","protected":false},"author":1,"featured_media":3177,"comment_status":"open","ping_status":"open","sticky":false,"template":"","format":"standard","meta":{"footnotes":""},"categories":[],"tags":[],"class_list":["post-3604","post","type-post","status-publish","format-standard","has-post-thumbnail","hentry"],"yoast_head":"<!-- This site is optimized with the Yoast SEO plugin v22.4 - https:\/\/yoast.com\/wordpress\/plugins\/seo\/ -->\n<title>La m\u00e0scara de busseig... la gran desconeguda! - Poseidon Calella<\/title>\n<meta name=\"robots\" content=\"index, follow, max-snippet:-1, max-image-preview:large, max-video-preview:-1\" \/>\n<link rel=\"canonical\" href=\"https:\/\/www.poseidoncalella.com\/ca\/la-mascara-de-busseig-la-gran-desconeguda\/\" \/>\n<meta property=\"og:locale\" content=\"es_ES\" \/>\n<meta property=\"og:type\" content=\"article\" \/>\n<meta property=\"og:title\" content=\"La m\u00e0scara de busseig... la gran desconeguda! - Poseidon Calella\" \/>\n<meta property=\"og:description\" content=\"Potser el material o equipament m\u00e9s important de qualsevol bussejador, ja sigui en apnea o amb ampolla, on m\u00e9s atenci\u00f3 ha de prestar a l&#8217;hora [&hellip;]\" \/>\n<meta property=\"og:url\" content=\"https:\/\/www.poseidoncalella.com\/ca\/la-mascara-de-busseig-la-gran-desconeguda\/\" \/>\n<meta property=\"og:site_name\" content=\"Poseidon Calella\" \/>\n<meta property=\"article:publisher\" content=\"https:\/\/www.facebook.com\/Poseidon.Calella\" \/>\n<meta property=\"article:published_time\" content=\"2021-06-02T11:32:22+00:00\" \/>\n<meta property=\"og:image\" content=\"https:\/\/www.poseidoncalella.com\/wordpress2\/wp-content\/uploads\/2021\/06\/poseidon-calella-palafrugell-girona-costa-brava-blog-la-mascara-buceo-esa-gran-desconocida.jpg\" \/>\n\t<meta property=\"og:image:width\" content=\"1200\" \/>\n\t<meta property=\"og:image:height\" content=\"815\" \/>\n\t<meta property=\"og:image:type\" content=\"image\/jpeg\" \/>\n<meta name=\"author\" content=\"gmcd\" \/>\n<meta name=\"twitter:card\" content=\"summary_large_image\" \/>\n<meta name=\"twitter:label1\" content=\"Written by\" \/>\n\t<meta name=\"twitter:data1\" content=\"gmcd\" \/>\n\t<meta name=\"twitter:label2\" content=\"Est. reading time\" \/>\n\t<meta name=\"twitter:data2\" content=\"3 minutes\" \/>\n<script type=\"application\/ld+json\" class=\"yoast-schema-graph\">{\"@context\":\"https:\/\/schema.org\",\"@graph\":[{\"@type\":\"Article\",\"@id\":\"https:\/\/www.poseidoncalella.com\/ca\/la-mascara-de-busseig-la-gran-desconeguda\/#article\",\"isPartOf\":{\"@id\":\"https:\/\/www.poseidoncalella.com\/ca\/la-mascara-de-busseig-la-gran-desconeguda\/\"},\"author\":{\"name\":\"gmcd\",\"@id\":\"https:\/\/www.poseidoncalella.com\/#\/schema\/person\/ce8d51a45783d9707ef6e9fafd6c9c24\"},\"headline\":\"La m\u00e0scara de busseig&#8230; la gran desconeguda!\",\"datePublished\":\"2021-06-02T11:32:22+00:00\",\"dateModified\":\"2021-06-02T11:32:22+00:00\",\"mainEntityOfPage\":{\"@id\":\"https:\/\/www.poseidoncalella.com\/ca\/la-mascara-de-busseig-la-gran-desconeguda\/\"},\"wordCount\":665,\"commentCount\":0,\"publisher\":{\"@id\":\"https:\/\/www.poseidoncalella.com\/#organization\"},\"image\":{\"@id\":\"https:\/\/www.poseidoncalella.com\/ca\/la-mascara-de-busseig-la-gran-desconeguda\/#primaryimage\"},\"thumbnailUrl\":\"https:\/\/www.poseidoncalella.com\/wordpress2\/wp-content\/uploads\/2021\/06\/poseidon-calella-palafrugell-girona-costa-brava-blog-la-mascara-buceo-esa-gran-desconocida.jpg\",\"inLanguage\":\"es-CA\",\"potentialAction\":[{\"@type\":\"CommentAction\",\"name\":\"Comment\",\"target\":[\"https:\/\/www.poseidoncalella.com\/ca\/la-mascara-de-busseig-la-gran-desconeguda\/#respond\"]}]},{\"@type\":\"WebPage\",\"@id\":\"https:\/\/www.poseidoncalella.com\/ca\/la-mascara-de-busseig-la-gran-desconeguda\/\",\"url\":\"https:\/\/www.poseidoncalella.com\/ca\/la-mascara-de-busseig-la-gran-desconeguda\/\",\"name\":\"La m\u00e0scara de busseig... la gran desconeguda! - Poseidon Calella\",\"isPartOf\":{\"@id\":\"https:\/\/www.poseidoncalella.com\/#website\"},\"primaryImageOfPage\":{\"@id\":\"https:\/\/www.poseidoncalella.com\/ca\/la-mascara-de-busseig-la-gran-desconeguda\/#primaryimage\"},\"image\":{\"@id\":\"https:\/\/www.poseidoncalella.com\/ca\/la-mascara-de-busseig-la-gran-desconeguda\/#primaryimage\"},\"thumbnailUrl\":\"https:\/\/www.poseidoncalella.com\/wordpress2\/wp-content\/uploads\/2021\/06\/poseidon-calella-palafrugell-girona-costa-brava-blog-la-mascara-buceo-esa-gran-desconocida.jpg\",\"datePublished\":\"2021-06-02T11:32:22+00:00\",\"dateModified\":\"2021-06-02T11:32:22+00:00\",\"breadcrumb\":{\"@id\":\"https:\/\/www.poseidoncalella.com\/ca\/la-mascara-de-busseig-la-gran-desconeguda\/#breadcrumb\"},\"inLanguage\":\"es-CA\",\"potentialAction\":[{\"@type\":\"ReadAction\",\"target\":[\"https:\/\/www.poseidoncalella.com\/ca\/la-mascara-de-busseig-la-gran-desconeguda\/\"]}]},{\"@type\":\"ImageObject\",\"inLanguage\":\"es-CA\",\"@id\":\"https:\/\/www.poseidoncalella.com\/ca\/la-mascara-de-busseig-la-gran-desconeguda\/#primaryimage\",\"url\":\"https:\/\/www.poseidoncalella.com\/wordpress2\/wp-content\/uploads\/2021\/06\/poseidon-calella-palafrugell-girona-costa-brava-blog-la-mascara-buceo-esa-gran-desconocida.jpg\",\"contentUrl\":\"https:\/\/www.poseidoncalella.com\/wordpress2\/wp-content\/uploads\/2021\/06\/poseidon-calella-palafrugell-girona-costa-brava-blog-la-mascara-buceo-esa-gran-desconocida.jpg\",\"width\":1200,\"height\":815},{\"@type\":\"BreadcrumbList\",\"@id\":\"https:\/\/www.poseidoncalella.com\/ca\/la-mascara-de-busseig-la-gran-desconeguda\/#breadcrumb\",\"itemListElement\":[{\"@type\":\"ListItem\",\"position\":1,\"name\":\"Portada\",\"item\":\"https:\/\/www.poseidoncalella.com\/ca\/\"},{\"@type\":\"ListItem\",\"position\":2,\"name\":\"La m\u00e0scara de busseig&#8230; la gran desconeguda!\"}]},{\"@type\":\"WebSite\",\"@id\":\"https:\/\/www.poseidoncalella.com\/#website\",\"url\":\"https:\/\/www.poseidoncalella.com\/\",\"name\":\"Poseidon Calella\",\"description\":\"Centre de busseig situat a Palafrugell, a la Costa Brava\",\"publisher\":{\"@id\":\"https:\/\/www.poseidoncalella.com\/#organization\"},\"potentialAction\":[{\"@type\":\"SearchAction\",\"target\":{\"@type\":\"EntryPoint\",\"urlTemplate\":\"https:\/\/www.poseidoncalella.com\/?s={search_term_string}\"},\"query-input\":\"required name=search_term_string\"}],\"inLanguage\":\"es-CA\"},{\"@type\":\"Organization\",\"@id\":\"https:\/\/www.poseidoncalella.com\/#organization\",\"name\":\"Poseidon Diving\",\"alternateName\":\"Poseidon Calella\",\"url\":\"https:\/\/www.poseidoncalella.com\/\",\"logo\":{\"@type\":\"ImageObject\",\"inLanguage\":\"es-CA\",\"@id\":\"https:\/\/www.poseidoncalella.com\/#\/schema\/logo\/image\/\",\"url\":\"https:\/\/www.poseidoncalella.com\/wordpress2\/wp-content\/uploads\/2021\/06\/cropped-favicon-1-180x180-1.png\",\"contentUrl\":\"https:\/\/www.poseidoncalella.com\/wordpress2\/wp-content\/uploads\/2021\/06\/cropped-favicon-1-180x180-1.png\",\"width\":180,\"height\":180,\"caption\":\"Poseidon Diving\"},\"image\":{\"@id\":\"https:\/\/www.poseidoncalella.com\/#\/schema\/logo\/image\/\"},\"sameAs\":[\"https:\/\/www.facebook.com\/Poseidon.Calella\",\"https:\/\/www.instagram.com\/poseidoncostabrava\/\"]},{\"@type\":\"Person\",\"@id\":\"https:\/\/www.poseidoncalella.com\/#\/schema\/person\/ce8d51a45783d9707ef6e9fafd6c9c24\",\"name\":\"gmcd\",\"image\":{\"@type\":\"ImageObject\",\"inLanguage\":\"es-CA\",\"@id\":\"https:\/\/www.poseidoncalella.com\/#\/schema\/person\/image\/\",\"url\":\"https:\/\/secure.gravatar.com\/avatar\/304131056b498676612e689bad60e29ba3233997948b9c963f6886ac23b02bb1?s=96&d=mm&r=g\",\"contentUrl\":\"https:\/\/secure.gravatar.com\/avatar\/304131056b498676612e689bad60e29ba3233997948b9c963f6886ac23b02bb1?s=96&d=mm&r=g\",\"caption\":\"gmcd\"},\"sameAs\":[\"https:\/\/www.poseidoncalella.com\/wordpress2\"],\"url\":\"https:\/\/www.poseidoncalella.com\/ca\/author\/gmcd\/\"}]}<\/script>\n<!-- \/ Yoast SEO plugin. -->","yoast_head_json":{"title":"La m\u00e0scara de busseig... la gran desconeguda! - Poseidon Calella","robots":{"index":"index","follow":"follow","max-snippet":"max-snippet:-1","max-image-preview":"max-image-preview:large","max-video-preview":"max-video-preview:-1"},"canonical":"https:\/\/www.poseidoncalella.com\/ca\/la-mascara-de-busseig-la-gran-desconeguda\/","og_locale":"es_ES","og_type":"article","og_title":"La m\u00e0scara de busseig... la gran desconeguda! - Poseidon Calella","og_description":"Potser el material o equipament m\u00e9s important de qualsevol bussejador, ja sigui en apnea o amb ampolla, on m\u00e9s atenci\u00f3 ha de prestar a l&#8217;hora [&hellip;]","og_url":"https:\/\/www.poseidoncalella.com\/ca\/la-mascara-de-busseig-la-gran-desconeguda\/","og_site_name":"Poseidon Calella","article_publisher":"https:\/\/www.facebook.com\/Poseidon.Calella","article_published_time":"2021-06-02T11:32:22+00:00","og_image":[{"width":1200,"height":815,"url":"https:\/\/www.poseidoncalella.com\/wordpress2\/wp-content\/uploads\/2021\/06\/poseidon-calella-palafrugell-girona-costa-brava-blog-la-mascara-buceo-esa-gran-desconocida.jpg","type":"image\/jpeg"}],"author":"gmcd","twitter_card":"summary_large_image","twitter_misc":{"Written by":"gmcd","Est. reading time":"3 minutes"},"schema":{"@context":"https:\/\/schema.org","@graph":[{"@type":"Article","@id":"https:\/\/www.poseidoncalella.com\/ca\/la-mascara-de-busseig-la-gran-desconeguda\/#article","isPartOf":{"@id":"https:\/\/www.poseidoncalella.com\/ca\/la-mascara-de-busseig-la-gran-desconeguda\/"},"author":{"name":"gmcd","@id":"https:\/\/www.poseidoncalella.com\/#\/schema\/person\/ce8d51a45783d9707ef6e9fafd6c9c24"},"headline":"La m\u00e0scara de busseig&#8230; la gran desconeguda!","datePublished":"2021-06-02T11:32:22+00:00","dateModified":"2021-06-02T11:32:22+00:00","mainEntityOfPage":{"@id":"https:\/\/www.poseidoncalella.com\/ca\/la-mascara-de-busseig-la-gran-desconeguda\/"},"wordCount":665,"commentCount":0,"publisher":{"@id":"https:\/\/www.poseidoncalella.com\/#organization"},"image":{"@id":"https:\/\/www.poseidoncalella.com\/ca\/la-mascara-de-busseig-la-gran-desconeguda\/#primaryimage"},"thumbnailUrl":"https:\/\/www.poseidoncalella.com\/wordpress2\/wp-content\/uploads\/2021\/06\/poseidon-calella-palafrugell-girona-costa-brava-blog-la-mascara-buceo-esa-gran-desconocida.jpg","inLanguage":"es-CA","potentialAction":[{"@type":"CommentAction","name":"Comment","target":["https:\/\/www.poseidoncalella.com\/ca\/la-mascara-de-busseig-la-gran-desconeguda\/#respond"]}]},{"@type":"WebPage","@id":"https:\/\/www.poseidoncalella.com\/ca\/la-mascara-de-busseig-la-gran-desconeguda\/","url":"https:\/\/www.poseidoncalella.com\/ca\/la-mascara-de-busseig-la-gran-desconeguda\/","name":"La m\u00e0scara de busseig... la gran desconeguda! - Poseidon Calella","isPartOf":{"@id":"https:\/\/www.poseidoncalella.com\/#website"},"primaryImageOfPage":{"@id":"https:\/\/www.poseidoncalella.com\/ca\/la-mascara-de-busseig-la-gran-desconeguda\/#primaryimage"},"image":{"@id":"https:\/\/www.poseidoncalella.com\/ca\/la-mascara-de-busseig-la-gran-desconeguda\/#primaryimage"},"thumbnailUrl":"https:\/\/www.poseidoncalella.com\/wordpress2\/wp-content\/uploads\/2021\/06\/poseidon-calella-palafrugell-girona-costa-brava-blog-la-mascara-buceo-esa-gran-desconocida.jpg","datePublished":"2021-06-02T11:32:22+00:00","dateModified":"2021-06-02T11:32:22+00:00","breadcrumb":{"@id":"https:\/\/www.poseidoncalella.com\/ca\/la-mascara-de-busseig-la-gran-desconeguda\/#breadcrumb"},"inLanguage":"es-CA","potentialAction":[{"@type":"ReadAction","target":["https:\/\/www.poseidoncalella.com\/ca\/la-mascara-de-busseig-la-gran-desconeguda\/"]}]},{"@type":"ImageObject","inLanguage":"es-CA","@id":"https:\/\/www.poseidoncalella.com\/ca\/la-mascara-de-busseig-la-gran-desconeguda\/#primaryimage","url":"https:\/\/www.poseidoncalella.com\/wordpress2\/wp-content\/uploads\/2021\/06\/poseidon-calella-palafrugell-girona-costa-brava-blog-la-mascara-buceo-esa-gran-desconocida.jpg","contentUrl":"https:\/\/www.poseidoncalella.com\/wordpress2\/wp-content\/uploads\/2021\/06\/poseidon-calella-palafrugell-girona-costa-brava-blog-la-mascara-buceo-esa-gran-desconocida.jpg","width":1200,"height":815},{"@type":"BreadcrumbList","@id":"https:\/\/www.poseidoncalella.com\/ca\/la-mascara-de-busseig-la-gran-desconeguda\/#breadcrumb","itemListElement":[{"@type":"ListItem","position":1,"name":"Portada","item":"https:\/\/www.poseidoncalella.com\/ca\/"},{"@type":"ListItem","position":2,"name":"La m\u00e0scara de busseig&#8230; la gran desconeguda!"}]},{"@type":"WebSite","@id":"https:\/\/www.poseidoncalella.com\/#website","url":"https:\/\/www.poseidoncalella.com\/","name":"Poseidon Calella","description":"Centre de busseig situat a Palafrugell, a la Costa Brava","publisher":{"@id":"https:\/\/www.poseidoncalella.com\/#organization"},"potentialAction":[{"@type":"SearchAction","target":{"@type":"EntryPoint","urlTemplate":"https:\/\/www.poseidoncalella.com\/?s={search_term_string}"},"query-input":"required name=search_term_string"}],"inLanguage":"es-CA"},{"@type":"Organization","@id":"https:\/\/www.poseidoncalella.com\/#organization","name":"Poseidon Diving","alternateName":"Poseidon Calella","url":"https:\/\/www.poseidoncalella.com\/","logo":{"@type":"ImageObject","inLanguage":"es-CA","@id":"https:\/\/www.poseidoncalella.com\/#\/schema\/logo\/image\/","url":"https:\/\/www.poseidoncalella.com\/wordpress2\/wp-content\/uploads\/2021\/06\/cropped-favicon-1-180x180-1.png","contentUrl":"https:\/\/www.poseidoncalella.com\/wordpress2\/wp-content\/uploads\/2021\/06\/cropped-favicon-1-180x180-1.png","width":180,"height":180,"caption":"Poseidon Diving"},"image":{"@id":"https:\/\/www.poseidoncalella.com\/#\/schema\/logo\/image\/"},"sameAs":["https:\/\/www.facebook.com\/Poseidon.Calella","https:\/\/www.instagram.com\/poseidoncostabrava\/"]},{"@type":"Person","@id":"https:\/\/www.poseidoncalella.com\/#\/schema\/person\/ce8d51a45783d9707ef6e9fafd6c9c24","name":"gmcd","image":{"@type":"ImageObject","inLanguage":"es-CA","@id":"https:\/\/www.poseidoncalella.com\/#\/schema\/person\/image\/","url":"https:\/\/secure.gravatar.com\/avatar\/304131056b498676612e689bad60e29ba3233997948b9c963f6886ac23b02bb1?s=96&d=mm&r=g","contentUrl":"https:\/\/secure.gravatar.com\/avatar\/304131056b498676612e689bad60e29ba3233997948b9c963f6886ac23b02bb1?s=96&d=mm&r=g","caption":"gmcd"},"sameAs":["https:\/\/www.poseidoncalella.com\/wordpress2"],"url":"https:\/\/www.poseidoncalella.com\/ca\/author\/gmcd\/"}]}},"_links":{"self":[{"href":"https:\/\/www.poseidoncalella.com\/ca\/wp-json\/wp\/v2\/posts\/3604","targetHints":{"allow":["GET"]}}],"collection":[{"href":"https:\/\/www.poseidoncalella.com\/ca\/wp-json\/wp\/v2\/posts"}],"about":[{"href":"https:\/\/www.poseidoncalella.com\/ca\/wp-json\/wp\/v2\/types\/post"}],"author":[{"embeddable":true,"href":"https:\/\/www.poseidoncalella.com\/ca\/wp-json\/wp\/v2\/users\/1"}],"replies":[{"embeddable":true,"href":"https:\/\/www.poseidoncalella.com\/ca\/wp-json\/wp\/v2\/comments?post=3604"}],"version-history":[{"count":0,"href":"https:\/\/www.poseidoncalella.com\/ca\/wp-json\/wp\/v2\/posts\/3604\/revisions"}],"wp:featuredmedia":[{"embeddable":true,"href":"https:\/\/www.poseidoncalella.com\/ca\/wp-json\/wp\/v2\/media\/3177"}],"wp:attachment":[{"href":"https:\/\/www.poseidoncalella.com\/ca\/wp-json\/wp\/v2\/media?parent=3604"}],"wp:term":[{"taxonomy":"category","embeddable":true,"href":"https:\/\/www.poseidoncalella.com\/ca\/wp-json\/wp\/v2\/categories?post=3604"},{"taxonomy":"post_tag","embeddable":true,"href":"https:\/\/www.poseidoncalella.com\/ca\/wp-json\/wp\/v2\/tags?post=3604"}],"curies":[{"name":"wp","href":"https:\/\/api.w.org\/{rel}","templated":true}]}}